{"id":7476,"date":"2026-09-06T06:03:07","date_gmt":"2026-09-06T06:03:07","guid":{"rendered":"https:\/\/www.fipavpugliamagazine.it\/2020\/?p=7476"},"modified":"2026-09-06T06:03:09","modified_gmt":"2026-09-06T06:03:09","slug":"06-09-2026-aequilibrium-cup-trofeo-delle-regioni-beach-a-margherita-di-savoia-oggi-la-cerimonia-di-apertura-da-domani-le-gare","status":"publish","type":"post","link":"https:\/\/www.fipavpugliamagazine.it\/2020\/2026\/09\/06\/06-09-2026-aequilibrium-cup-trofeo-delle-regioni-beach-a-margherita-di-savoia-oggi-la-cerimonia-di-apertura-da-domani-le-gare\/","title":{"rendered":"06-09-2026: AEQUILIBRIUM CUP \u2013 TROFEO DELLE REGIONI BEACH, a Margherita di Savoia oggi la cerimonia di apertura, da domani le gare"},"content":{"rendered":"\n<p class=\"wp-block-paragraph\">\u00c8 tutto pronto a Margherita di Savoia per il Trofeo delle Regioni Under 17 di Beach Volley 2026, che porter\u00e0 in Puglia le rappresentative regionali maschili e femminili provenienti da tutta Italia. La manifestazione prender\u00e0 ufficialmente il via oggi, domenica 6 settembre, con la cerimonia d\u2019apertura in programma alle ore 18.00 in Piazza Libert\u00e0. Luned\u00ec 7 e marted\u00ec 8 settembre spazio alle gare di qualificazione, dalle 8.30 alle 19.00 al Lido Albatros, mentre mercoled\u00ec 9 settembre, dalle 8.30 alle 13.30, si disputeranno le finali, seguite dalle premiazioni.<\/p>\n\n\n\n<p class=\"wp-block-paragraph\">Sono 21 le rappresentative regionali iscritte sia al torneo femminile sia a quello maschile, con la Puglia pronta a vivere da protagonista l\u2019appuntamento sulla sabbia di casa. La formula prevede una prima fase di qualificazione a gironi, con 21 coppie suddivise in 7 percorsi, seguita dal Main Draw a 32 squadre con formula a doppia eliminazione.<\/p>\n\n\n\n<p class=\"wp-block-paragraph\">La Puglia sar\u00e0 rappresentata nel femminile da Desiree Raffa e Annemarie Gaudio, guidate da Antonio Francone, e nel maschile da Francis Chirulli e Marco Giangiuseppe Barbone, con Emiliano Manni. Capo delegazione della rappresentativa pugliese Jonny Netti.<\/p>\n\n\n\n<p class=\"wp-block-paragraph\"><strong>ENTRY LIST FEMMINILE<\/strong><\/p>\n\n\n\n<ol class=\"wp-block-list\">\n<li>Siria Sposimo \u2013 Lucrezia Fortunato (coach: Federico Bovio) \u2013 Emilia Romagna<\/li>\n\n\n\n<li>Camilla Cerrato \u2013 Eleonora Sirchia (coach: Alessio Terzi) \u2013 Piemonte<\/li>\n\n\n\n<li>Emma Bottazzi \u2013 Greta Bimbi (coach: Diego Segalini) \u2013 Lombardia<\/li>\n\n\n\n<li>Chiara Mascaro \u2013 Livia Sophie Vernesi (coach: Lucilla Perrotta) \u2013 Lazio<\/li>\n\n\n\n<li>Marzia Cerasoli \u2013 Anna Carmen Manfroni (coach: Francesco Di Carlo) \u2013 Abruzzo<\/li>\n\n\n\n<li>Giorgia Di Felice \u2013 Clarissa Sarpi (coach: Costantino Palli) \u2013 Molise<\/li>\n\n\n\n<li>Mia Carminati \u2013 Adele Pasquetto (coach: Marco Mengo) \u2013 Veneto<\/li>\n\n\n\n<li>Lara Siebenf\u00f6rcher \u2013 Helena Pichler (coach: Alessandro Scavizzi) \u2013 Alto Adige<\/li>\n\n\n\n<li>Safira Caputo \u2013 Anna Belloli (coach: Filippo Pizzini) \u2013 Trentino<\/li>\n\n\n\n<li>Zoe Minetti \u2013 Caterina Brunet (coach: Michel Arbaney) \u2013 Valle d&#8217;Aosta<\/li>\n\n\n\n<li>Clarissa Mele \u2013 Letizia Cianella (coach: Francesco Monopoli) \u2013 Umbria<\/li>\n\n\n\n<li>Giada Coppola \u2013 Giulia Vito (coach: Mario Conforti) \u2013 Campania<\/li>\n\n\n\n<li>Milena Cavallaro \u2013 Maria Spoto (coach: Patrizia Trimarchi) \u2013 Calabria<\/li>\n\n\n\n<li>Desiree Raffa \u2013 Annemarie Gaudio (coach: Antonio Francone) \u2013 Puglia<\/li>\n\n\n\n<li>Matilde La Terra Pirr\u00e8 \u2013 Marta Pedalino (coach: Giuseppe Staiti) \u2013 Sicilia<\/li>\n\n\n\n<li>Giulia Corradi \u2013 Emma Roserba (coach: Andrea Christian Gigante) \u2013 Liguria<\/li>\n\n\n\n<li>Ambra Pucci \u2013 Sofia Seghetta (coach: Agata Zuccarelli) \u2013 Toscana<\/li>\n\n\n\n<li>Isabella Grieco \u2013 Martina Melidoro (coach: Domenico Di Sanzo) \u2013 Basilicata<\/li>\n\n\n\n<li>Melissa Bari \u2013 Alice Riciputi (coach: Valentina Bellucci) \u2013 Marche<\/li>\n\n\n\n<li>Lara Mucelli \u2013 Jessica Casotto (coach: Gianluca Saraceni) \u2013 Friuli Venezia Giulia<\/li>\n\n\n\n<li>Gabriela Zglavoc \u2013 Fabiola Rita Demartis (coach: Paolo Loddo) \u2013 Sardegna<\/li>\n<\/ol>\n\n\n\n<p class=\"wp-block-paragraph\"><strong>ENTRY LIST MASCHILE<\/strong><\/p>\n\n\n\n<ol class=\"wp-block-list\">\n<li>Filippo Bezzi \u2013 Alessandro Camilli (coach: Samuele Candito) \u2013 Emilia Romagna<\/li>\n\n\n\n<li>Giuseppe Bontempo \u2013 Paolo Emilio Occhionero (coach: Pierluigi Giuliano) \u2013 Molise<\/li>\n\n\n\n<li>Augusto Benetti \u2013 Matteo Marcolin (coach: Giuditta Comis) \u2013 Veneto<\/li>\n\n\n\n<li>Moritz Stuppner \u2013 Lee Alexander Kofler (coach: Markus Groeber) \u2013 Alto Adige<\/li>\n\n\n\n<li>Giacomo Maria Pasquali \u2013 Edoardo Corsi (coach: Alessio Di Vetta) \u2013 Lazio<\/li>\n\n\n\n<li>Ludovico Cuniberti \u2013 Lorenzo Miretti (coach: Michela Carpegna) \u2013 Piemonte<\/li>\n\n\n\n<li>Stefano Giola \u2013 Ousman Sanneh (coach: Marco Longoni) \u2013 Lombardia<\/li>\n\n\n\n<li>Giacomo Caporrella \u2013 Lorenzo Carbonetti (coach: Paolo Cappio) \u2013 Abruzzo<\/li>\n\n\n\n<li>Elia Giovanazzi \u2013 Nicola Koerner (coach: Fabio Tarantino) \u2013 Trentino<\/li>\n\n\n\n<li>Francesco Schiano \u2013 Gennaro Pollio (coach: Alfonso Cavaccini) \u2013 Campania<\/li>\n\n\n\n<li>Daniele Comisi \u2013 Carlo Di Stefano (coach: Gianpietro Rigano) \u2013 Sicilia<\/li>\n\n\n\n<li>Jacopo Bertoia \u2013 Lorenzo Covarelli (coach: Filippo Pochini) \u2013 Umbria<\/li>\n\n\n\n<li>Francis Chirulli \u2013 Marco Giangiuseppe Barbone (coach: Emiliano Manni) \u2013 Puglia<\/li>\n\n\n\n<li>Pietro Carrosio \u2013 Lorenzo Panzarin (coach: Gian Luca Colussi) \u2013 Friuli Venezia Giulia<\/li>\n\n\n\n<li>Leonardo Ianni \u2013 Jacopo Mozzato (coach: Stefano Varvello) \u2013 Valle d&#8217;Aosta<\/li>\n\n\n\n<li>Alessandro Piccioni \u2013 Diego Bovio (coach: Roberto Bovio) \u2013 Calabria<\/li>\n\n\n\n<li>Francesco Bocchini \u2013 Tommaso Bucciarelli (coach: Eros Piaggesi) \u2013 Marche<\/li>\n\n\n\n<li>Alessandro Canton \u2013 Alessandro Cremisio (coach: Alessandro Assalino) \u2013 Liguria<\/li>\n\n\n\n<li>Leonardo Amidei \u2013 Gianni Cavalieri (coach: Eugenio Amore) \u2013 Toscana<\/li>\n\n\n\n<li>Michele Votta \u2013 Tommaso Taranto (coach: Pierpaolo De Pace) \u2013 Basilicata<\/li>\n\n\n\n<li>Giacomo Piras \u2013 Alessandro Pes (coach: Michael Menicali) \u2013 Sardegna<\/li>\n<\/ol>\n\n\n\n<p class=\"wp-block-paragraph\">Il Trofeo delle Regioni Beach 2026 \u00e8 organizzato dalla Federazione Italiana Pallavolo, con il supporto del CT FIPAV Bari Foggia.<\/p>\n","protected":false},"excerpt":{"rendered":"<p>\u00c8 tutto pronto a Margherita di Savoia per il Trofeo delle Regioni Under 17 di Beach Volley 2026, che porter\u00e0 in Puglia le rappresentative regionali maschili e femminili provenienti da tutta Italia. La manifestazione prender\u00e0 ufficialmente il via oggi, domenica 6 settembre, con la cerimonia d\u2019apertura in programma alle ore 18.00 in Piazza Libert\u00e0. Luned\u00ec [&hellip;]<\/p>\n","protected":false},"author":1,"featured_media":7477,"comment_status":"closed","ping_status":"open","sticky":false,"template":"","format":"standard","meta":{"_monsterinsights_skip_tracking":false,"_monsterinsights_sitenote_active":false,"_monsterinsights_sitenote_note":"","_monsterinsights_sitenote_category":0,"tdm_status":"","tdm_grid_status":"","footnotes":""},"categories":[551],"tags":[19,16,558,15],"class_list":["post-7476","post","type-post","status-publish","format-standard","has-post-thumbnail","category-news-fipav-puglia-2026-2027","tag-fipavpuglia","tag-flash","tag-tdrbeach","tag-top"],"yoast_head":"<!-- This site is optimized with the Yoast SEO plugin v26.6 - https:\/\/yoast.com\/wordpress\/plugins\/seo\/ -->\n<title>06-09-2026: AEQUILIBRIUM CUP \u2013 TROFEO DELLE REGIONI BEACH, a Margherita di Savoia oggi la cerimonia di apertura, da domani le gare - Fipav Puglia Magazine<\/title>\n<meta name=\"robots\" content=\"index, follow, max-snippet:-1, max-image-preview:large, max-video-preview:-1\" \/>\n<link rel=\"canonical\" href=\"https:\/\/www.fipavpugliamagazine.it\/2020\/2026\/09\/06\/06-09-2026-aequilibrium-cup-trofeo-delle-regioni-beach-a-margherita-di-savoia-oggi-la-cerimonia-di-apertura-da-domani-le-gare\/\" \/>\n<meta property=\"og:locale\" content=\"it_IT\" \/>\n<meta property=\"og:type\" content=\"article\" \/>\n<meta property=\"og:title\" content=\"06-09-2026: AEQUILIBRIUM CUP \u2013 TROFEO DELLE REGIONI BEACH, a Margherita di Savoia oggi la cerimonia di apertura, da domani le gare - Fipav Puglia Magazine\" \/>\n<meta property=\"og:description\" content=\"\u00c8 tutto pronto a Margherita di Savoia per il Trofeo delle Regioni Under 17 di Beach Volley 2026, che porter\u00e0 in Puglia le rappresentative regionali maschili e femminili provenienti da tutta Italia. La manifestazione prender\u00e0 ufficialmente il via oggi, domenica 6 settembre, con la cerimonia d\u2019apertura in programma alle ore 18.00 in Piazza Libert\u00e0. Luned\u00ec [&hellip;]\" \/>\n<meta property=\"og:url\" content=\"https:\/\/www.fipavpugliamagazine.it\/2020\/2026\/09\/06\/06-09-2026-aequilibrium-cup-trofeo-delle-regioni-beach-a-margherita-di-savoia-oggi-la-cerimonia-di-apertura-da-domani-le-gare\/\" \/>\n<meta property=\"og:site_name\" content=\"Fipav Puglia Magazine\" \/>\n<meta property=\"article:publisher\" content=\"http:\/\/www.facebook.com\/fipavpuglia\" \/>\n<meta property=\"article:published_time\" content=\"2026-09-06T06:03:07+00:00\" \/>\n<meta property=\"article:modified_time\" content=\"2026-09-06T06:03:09+00:00\" \/>\n<meta property=\"og:image\" content=\"https:\/\/www.fipavpugliamagazine.it\/2020\/wp-content\/uploads\/2026\/09\/PalloneBeachVolleyVarie_01.jpg\" \/>\n\t<meta property=\"og:image:width\" content=\"1920\" \/>\n\t<meta property=\"og:image:height\" content=\"1080\" \/>\n\t<meta property=\"og:image:type\" content=\"image\/jpeg\" \/>\n<meta name=\"author\" content=\"Fabrizio D&#039;Alessandro\" \/>\n<meta name=\"twitter:card\" content=\"summary_large_image\" \/>\n<meta name=\"twitter:label1\" content=\"Scritto da\" \/>\n\t<meta name=\"twitter:data1\" content=\"Fabrizio D&#039;Alessandro\" \/>\n\t<meta name=\"twitter:label2\" content=\"Tempo di lettura stimato\" \/>\n\t<meta name=\"twitter:data2\" content=\"4 minuti\" \/>\n<script type=\"application\/ld+json\" class=\"yoast-schema-graph\">{\"@context\":\"https:\/\/schema.org\",\"@graph\":[{\"@type\":\"Article\",\"@id\":\"https:\/\/www.fipavpugliamagazine.it\/2020\/2026\/09\/06\/06-09-2026-aequilibrium-cup-trofeo-delle-regioni-beach-a-margherita-di-savoia-oggi-la-cerimonia-di-apertura-da-domani-le-gare\/#article\",\"isPartOf\":{\"@id\":\"https:\/\/www.fipavpugliamagazine.it\/2020\/2026\/09\/06\/06-09-2026-aequilibrium-cup-trofeo-delle-regioni-beach-a-margherita-di-savoia-oggi-la-cerimonia-di-apertura-da-domani-le-gare\/\"},\"author\":{\"name\":\"Fabrizio D'Alessandro\",\"@id\":\"https:\/\/www.fipavpugliamagazine.it\/2020\/#\/schema\/person\/3c77c3bc0e1b52b050936902c36fdc7e\"},\"headline\":\"06-09-2026: AEQUILIBRIUM CUP \u2013 TROFEO DELLE REGIONI BEACH, a Margherita di Savoia oggi la cerimonia di apertura, da domani le gare\",\"datePublished\":\"2026-09-06T06:03:07+00:00\",\"dateModified\":\"2026-09-06T06:03:09+00:00\",\"mainEntityOfPage\":{\"@id\":\"https:\/\/www.fipavpugliamagazine.it\/2020\/2026\/09\/06\/06-09-2026-aequilibrium-cup-trofeo-delle-regioni-beach-a-margherita-di-savoia-oggi-la-cerimonia-di-apertura-da-domani-le-gare\/\"},\"wordCount\":576,\"publisher\":{\"@id\":\"https:\/\/www.fipavpugliamagazine.it\/2020\/#organization\"},\"image\":{\"@id\":\"https:\/\/www.fipavpugliamagazine.it\/2020\/2026\/09\/06\/06-09-2026-aequilibrium-cup-trofeo-delle-regioni-beach-a-margherita-di-savoia-oggi-la-cerimonia-di-apertura-da-domani-le-gare\/#primaryimage\"},\"thumbnailUrl\":\"https:\/\/www.fipavpugliamagazine.it\/2020\/wp-content\/uploads\/2026\/09\/PalloneBeachVolleyVarie_01.jpg\",\"keywords\":[\"fipavpuglia\",\"flash\",\"tdrbeach\",\"top\"],\"articleSection\":[\"News Fipav Puglia 2026-2027\"],\"inLanguage\":\"it-IT\"},{\"@type\":\"WebPage\",\"@id\":\"https:\/\/www.fipavpugliamagazine.it\/2020\/2026\/09\/06\/06-09-2026-aequilibrium-cup-trofeo-delle-regioni-beach-a-margherita-di-savoia-oggi-la-cerimonia-di-apertura-da-domani-le-gare\/\",\"url\":\"https:\/\/www.fipavpugliamagazine.it\/2020\/2026\/09\/06\/06-09-2026-aequilibrium-cup-trofeo-delle-regioni-beach-a-margherita-di-savoia-oggi-la-cerimonia-di-apertura-da-domani-le-gare\/\",\"name\":\"06-09-2026: AEQUILIBRIUM CUP \u2013 TROFEO DELLE REGIONI BEACH, a Margherita di Savoia oggi la cerimonia di apertura, da domani le gare - Fipav Puglia Magazine\",\"isPartOf\":{\"@id\":\"https:\/\/www.fipavpugliamagazine.it\/2020\/#website\"},\"primaryImageOfPage\":{\"@id\":\"https:\/\/www.fipavpugliamagazine.it\/2020\/2026\/09\/06\/06-09-2026-aequilibrium-cup-trofeo-delle-regioni-beach-a-margherita-di-savoia-oggi-la-cerimonia-di-apertura-da-domani-le-gare\/#primaryimage\"},\"image\":{\"@id\":\"https:\/\/www.fipavpugliamagazine.it\/2020\/2026\/09\/06\/06-09-2026-aequilibrium-cup-trofeo-delle-regioni-beach-a-margherita-di-savoia-oggi-la-cerimonia-di-apertura-da-domani-le-gare\/#primaryimage\"},\"thumbnailUrl\":\"https:\/\/www.fipavpugliamagazine.it\/2020\/wp-content\/uploads\/2026\/09\/PalloneBeachVolleyVarie_01.jpg\",\"datePublished\":\"2026-09-06T06:03:07+00:00\",\"dateModified\":\"2026-09-06T06:03:09+00:00\",\"breadcrumb\":{\"@id\":\"https:\/\/www.fipavpugliamagazine.it\/2020\/2026\/09\/06\/06-09-2026-aequilibrium-cup-trofeo-delle-regioni-beach-a-margherita-di-savoia-oggi-la-cerimonia-di-apertura-da-domani-le-gare\/#breadcrumb\"},\"inLanguage\":\"it-IT\",\"potentialAction\":[{\"@type\":\"ReadAction\",\"target\":[\"https:\/\/www.fipavpugliamagazine.it\/2020\/2026\/09\/06\/06-09-2026-aequilibrium-cup-trofeo-delle-regioni-beach-a-margherita-di-savoia-oggi-la-cerimonia-di-apertura-da-domani-le-gare\/\"]}]},{\"@type\":\"ImageObject\",\"inLanguage\":\"it-IT\",\"@id\":\"https:\/\/www.fipavpugliamagazine.it\/2020\/2026\/09\/06\/06-09-2026-aequilibrium-cup-trofeo-delle-regioni-beach-a-margherita-di-savoia-oggi-la-cerimonia-di-apertura-da-domani-le-gare\/#primaryimage\",\"url\":\"https:\/\/www.fipavpugliamagazine.it\/2020\/wp-content\/uploads\/2026\/09\/PalloneBeachVolleyVarie_01.jpg\",\"contentUrl\":\"https:\/\/www.fipavpugliamagazine.it\/2020\/wp-content\/uploads\/2026\/09\/PalloneBeachVolleyVarie_01.jpg\",\"width\":1920,\"height\":1080},{\"@type\":\"BreadcrumbList\",\"@id\":\"https:\/\/www.fipavpugliamagazine.it\/2020\/2026\/09\/06\/06-09-2026-aequilibrium-cup-trofeo-delle-regioni-beach-a-margherita-di-savoia-oggi-la-cerimonia-di-apertura-da-domani-le-gare\/#breadcrumb\",\"itemListElement\":[{\"@type\":\"ListItem\",\"position\":1,\"name\":\"Home\",\"item\":\"https:\/\/www.fipavpugliamagazine.it\/2020\/\"},{\"@type\":\"ListItem\",\"position\":2,\"name\":\"06-09-2026: AEQUILIBRIUM CUP \u2013 TROFEO DELLE REGIONI BEACH, a Margherita di Savoia oggi la cerimonia di apertura, da domani le gare\"}]},{\"@type\":\"WebSite\",\"@id\":\"https:\/\/www.fipavpugliamagazine.it\/2020\/#website\",\"url\":\"https:\/\/www.fipavpugliamagazine.it\/2020\/\",\"name\":\"Fipav Puglia Magazine\",\"description\":\"Comunicazione CR FIPAV Puglia\",\"publisher\":{\"@id\":\"https:\/\/www.fipavpugliamagazine.it\/2020\/#organization\"},\"potentialAction\":[{\"@type\":\"SearchAction\",\"target\":{\"@type\":\"EntryPoint\",\"urlTemplate\":\"https:\/\/www.fipavpugliamagazine.it\/2020\/?s={search_term_string}\"},\"query-input\":{\"@type\":\"PropertyValueSpecification\",\"valueRequired\":true,\"valueName\":\"search_term_string\"}}],\"inLanguage\":\"it-IT\"},{\"@type\":\"Organization\",\"@id\":\"https:\/\/www.fipavpugliamagazine.it\/2020\/#organization\",\"name\":\"Fipav Puglia Magazine\",\"url\":\"https:\/\/www.fipavpugliamagazine.it\/2020\/\",\"logo\":{\"@type\":\"ImageObject\",\"inLanguage\":\"it-IT\",\"@id\":\"https:\/\/www.fipavpugliamagazine.it\/2020\/#\/schema\/logo\/image\/\",\"url\":\"https:\/\/www.fipavpugliamagazine.it\/2020\/wp-content\/uploads\/2025\/12\/LogoneFipavPuglia-scaled.png\",\"contentUrl\":\"https:\/\/www.fipavpugliamagazine.it\/2020\/wp-content\/uploads\/2025\/12\/LogoneFipavPuglia-scaled.png\",\"width\":2560,\"height\":2512,\"caption\":\"Fipav Puglia Magazine\"},\"image\":{\"@id\":\"https:\/\/www.fipavpugliamagazine.it\/2020\/#\/schema\/logo\/image\/\"},\"sameAs\":[\"http:\/\/www.facebook.com\/fipavpuglia\"]},{\"@type\":\"Person\",\"@id\":\"https:\/\/www.fipavpugliamagazine.it\/2020\/#\/schema\/person\/3c77c3bc0e1b52b050936902c36fdc7e\",\"name\":\"Fabrizio D'Alessandro\",\"image\":{\"@type\":\"ImageObject\",\"inLanguage\":\"it-IT\",\"@id\":\"https:\/\/www.fipavpugliamagazine.it\/2020\/#\/schema\/person\/image\/\",\"url\":\"https:\/\/secure.gravatar.com\/avatar\/b453c1e4fc54a13ec0d84b7dae2526113f311e2f22032eb2d267463ccd70d46f?s=96&d=mm&r=g\",\"contentUrl\":\"https:\/\/secure.gravatar.com\/avatar\/b453c1e4fc54a13ec0d84b7dae2526113f311e2f22032eb2d267463ccd70d46f?s=96&d=mm&r=g\",\"caption\":\"Fabrizio D'Alessandro\"},\"description\":\"Responsabile comunicazione CR FIPAV Puglia\",\"url\":\"https:\/\/www.fipavpugliamagazine.it\/2020\/author\/fabridal\/\"}]}<\/script>\n<!-- \/ Yoast SEO plugin. -->","yoast_head_json":{"title":"06-09-2026: AEQUILIBRIUM CUP \u2013 TROFEO DELLE REGIONI BEACH, a Margherita di Savoia oggi la cerimonia di apertura, da domani le gare - Fipav Puglia Magazine","robots":{"index":"index","follow":"follow","max-snippet":"max-snippet:-1","max-image-preview":"max-image-preview:large","max-video-preview":"max-video-preview:-1"},"canonical":"https:\/\/www.fipavpugliamagazine.it\/2020\/2026\/09\/06\/06-09-2026-aequilibrium-cup-trofeo-delle-regioni-beach-a-margherita-di-savoia-oggi-la-cerimonia-di-apertura-da-domani-le-gare\/","og_locale":"it_IT","og_type":"article","og_title":"06-09-2026: AEQUILIBRIUM CUP \u2013 TROFEO DELLE REGIONI BEACH, a Margherita di Savoia oggi la cerimonia di apertura, da domani le gare - Fipav Puglia Magazine","og_description":"\u00c8 tutto pronto a Margherita di Savoia per il Trofeo delle Regioni Under 17 di Beach Volley 2026, che porter\u00e0 in Puglia le rappresentative regionali maschili e femminili provenienti da tutta Italia. La manifestazione prender\u00e0 ufficialmente il via oggi, domenica 6 settembre, con la cerimonia d\u2019apertura in programma alle ore 18.00 in Piazza Libert\u00e0. Luned\u00ec [&hellip;]","og_url":"https:\/\/www.fipavpugliamagazine.it\/2020\/2026\/09\/06\/06-09-2026-aequilibrium-cup-trofeo-delle-regioni-beach-a-margherita-di-savoia-oggi-la-cerimonia-di-apertura-da-domani-le-gare\/","og_site_name":"Fipav Puglia Magazine","article_publisher":"http:\/\/www.facebook.com\/fipavpuglia","article_published_time":"2026-09-06T06:03:07+00:00","article_modified_time":"2026-09-06T06:03:09+00:00","og_image":[{"width":1920,"height":1080,"url":"https:\/\/www.fipavpugliamagazine.it\/2020\/wp-content\/uploads\/2026\/09\/PalloneBeachVolleyVarie_01.jpg","type":"image\/jpeg"}],"author":"Fabrizio D'Alessandro","twitter_card":"summary_large_image","twitter_misc":{"Scritto da":"Fabrizio D'Alessandro","Tempo di lettura stimato":"4 minuti"},"schema":{"@context":"https:\/\/schema.org","@graph":[{"@type":"Article","@id":"https:\/\/www.fipavpugliamagazine.it\/2020\/2026\/09\/06\/06-09-2026-aequilibrium-cup-trofeo-delle-regioni-beach-a-margherita-di-savoia-oggi-la-cerimonia-di-apertura-da-domani-le-gare\/#article","isPartOf":{"@id":"https:\/\/www.fipavpugliamagazine.it\/2020\/2026\/09\/06\/06-09-2026-aequilibrium-cup-trofeo-delle-regioni-beach-a-margherita-di-savoia-oggi-la-cerimonia-di-apertura-da-domani-le-gare\/"},"author":{"name":"Fabrizio D'Alessandro","@id":"https:\/\/www.fipavpugliamagazine.it\/2020\/#\/schema\/person\/3c77c3bc0e1b52b050936902c36fdc7e"},"headline":"06-09-2026: AEQUILIBRIUM CUP \u2013 TROFEO DELLE REGIONI BEACH, a Margherita di Savoia oggi la cerimonia di apertura, da domani le gare","datePublished":"2026-09-06T06:03:07+00:00","dateModified":"2026-09-06T06:03:09+00:00","mainEntityOfPage":{"@id":"https:\/\/www.fipavpugliamagazine.it\/2020\/2026\/09\/06\/06-09-2026-aequilibrium-cup-trofeo-delle-regioni-beach-a-margherita-di-savoia-oggi-la-cerimonia-di-apertura-da-domani-le-gare\/"},"wordCount":576,"publisher":{"@id":"https:\/\/www.fipavpugliamagazine.it\/2020\/#organization"},"image":{"@id":"https:\/\/www.fipavpugliamagazine.it\/2020\/2026\/09\/06\/06-09-2026-aequilibrium-cup-trofeo-delle-regioni-beach-a-margherita-di-savoia-oggi-la-cerimonia-di-apertura-da-domani-le-gare\/#primaryimage"},"thumbnailUrl":"https:\/\/www.fipavpugliamagazine.it\/2020\/wp-content\/uploads\/2026\/09\/PalloneBeachVolleyVarie_01.jpg","keywords":["fipavpuglia","flash","tdrbeach","top"],"articleSection":["News Fipav Puglia 2026-2027"],"inLanguage":"it-IT"},{"@type":"WebPage","@id":"https:\/\/www.fipavpugliamagazine.it\/2020\/2026\/09\/06\/06-09-2026-aequilibrium-cup-trofeo-delle-regioni-beach-a-margherita-di-savoia-oggi-la-cerimonia-di-apertura-da-domani-le-gare\/","url":"https:\/\/www.fipavpugliamagazine.it\/2020\/2026\/09\/06\/06-09-2026-aequilibrium-cup-trofeo-delle-regioni-beach-a-margherita-di-savoia-oggi-la-cerimonia-di-apertura-da-domani-le-gare\/","name":"06-09-2026: AEQUILIBRIUM CUP \u2013 TROFEO DELLE REGIONI BEACH, a Margherita di Savoia oggi la cerimonia di apertura, da domani le gare - Fipav Puglia Magazine","isPartOf":{"@id":"https:\/\/www.fipavpugliamagazine.it\/2020\/#website"},"primaryImageOfPage":{"@id":"https:\/\/www.fipavpugliamagazine.it\/2020\/2026\/09\/06\/06-09-2026-aequilibrium-cup-trofeo-delle-regioni-beach-a-margherita-di-savoia-oggi-la-cerimonia-di-apertura-da-domani-le-gare\/#primaryimage"},"image":{"@id":"https:\/\/www.fipavpugliamagazine.it\/2020\/2026\/09\/06\/06-09-2026-aequilibrium-cup-trofeo-delle-regioni-beach-a-margherita-di-savoia-oggi-la-cerimonia-di-apertura-da-domani-le-gare\/#primaryimage"},"thumbnailUrl":"https:\/\/www.fipavpugliamagazine.it\/2020\/wp-content\/uploads\/2026\/09\/PalloneBeachVolleyVarie_01.jpg","datePublished":"2026-09-06T06:03:07+00:00","dateModified":"2026-09-06T06:03:09+00:00","breadcrumb":{"@id":"https:\/\/www.fipavpugliamagazine.it\/2020\/2026\/09\/06\/06-09-2026-aequilibrium-cup-trofeo-delle-regioni-beach-a-margherita-di-savoia-oggi-la-cerimonia-di-apertura-da-domani-le-gare\/#breadcrumb"},"inLanguage":"it-IT","potentialAction":[{"@type":"ReadAction","target":["https:\/\/www.fipavpugliamagazine.it\/2020\/2026\/09\/06\/06-09-2026-aequilibrium-cup-trofeo-delle-regioni-beach-a-margherita-di-savoia-oggi-la-cerimonia-di-apertura-da-domani-le-gare\/"]}]},{"@type":"ImageObject","inLanguage":"it-IT","@id":"https:\/\/www.fipavpugliamagazine.it\/2020\/2026\/09\/06\/06-09-2026-aequilibrium-cup-trofeo-delle-regioni-beach-a-margherita-di-savoia-oggi-la-cerimonia-di-apertura-da-domani-le-gare\/#primaryimage","url":"https:\/\/www.fipavpugliamagazine.it\/2020\/wp-content\/uploads\/2026\/09\/PalloneBeachVolleyVarie_01.jpg","contentUrl":"https:\/\/www.fipavpugliamagazine.it\/2020\/wp-content\/uploads\/2026\/09\/PalloneBeachVolleyVarie_01.jpg","width":1920,"height":1080},{"@type":"BreadcrumbList","@id":"https:\/\/www.fipavpugliamagazine.it\/2020\/2026\/09\/06\/06-09-2026-aequilibrium-cup-trofeo-delle-regioni-beach-a-margherita-di-savoia-oggi-la-cerimonia-di-apertura-da-domani-le-gare\/#breadcrumb","itemListElement":[{"@type":"ListItem","position":1,"name":"Home","item":"https:\/\/www.fipavpugliamagazine.it\/2020\/"},{"@type":"ListItem","position":2,"name":"06-09-2026: AEQUILIBRIUM CUP \u2013 TROFEO DELLE REGIONI BEACH, a Margherita di Savoia oggi la cerimonia di apertura, da domani le gare"}]},{"@type":"WebSite","@id":"https:\/\/www.fipavpugliamagazine.it\/2020\/#website","url":"https:\/\/www.fipavpugliamagazine.it\/2020\/","name":"Fipav Puglia Magazine","description":"Comunicazione CR FIPAV Puglia","publisher":{"@id":"https:\/\/www.fipavpugliamagazine.it\/2020\/#organization"},"potentialAction":[{"@type":"SearchAction","target":{"@type":"EntryPoint","urlTemplate":"https:\/\/www.fipavpugliamagazine.it\/2020\/?s={search_term_string}"},"query-input":{"@type":"PropertyValueSpecification","valueRequired":true,"valueName":"search_term_string"}}],"inLanguage":"it-IT"},{"@type":"Organization","@id":"https:\/\/www.fipavpugliamagazine.it\/2020\/#organization","name":"Fipav Puglia Magazine","url":"https:\/\/www.fipavpugliamagazine.it\/2020\/","logo":{"@type":"ImageObject","inLanguage":"it-IT","@id":"https:\/\/www.fipavpugliamagazine.it\/2020\/#\/schema\/logo\/image\/","url":"https:\/\/www.fipavpugliamagazine.it\/2020\/wp-content\/uploads\/2025\/12\/LogoneFipavPuglia-scaled.png","contentUrl":"https:\/\/www.fipavpugliamagazine.it\/2020\/wp-content\/uploads\/2025\/12\/LogoneFipavPuglia-scaled.png","width":2560,"height":2512,"caption":"Fipav Puglia Magazine"},"image":{"@id":"https:\/\/www.fipavpugliamagazine.it\/2020\/#\/schema\/logo\/image\/"},"sameAs":["http:\/\/www.facebook.com\/fipavpuglia"]},{"@type":"Person","@id":"https:\/\/www.fipavpugliamagazine.it\/2020\/#\/schema\/person\/3c77c3bc0e1b52b050936902c36fdc7e","name":"Fabrizio D'Alessandro","image":{"@type":"ImageObject","inLanguage":"it-IT","@id":"https:\/\/www.fipavpugliamagazine.it\/2020\/#\/schema\/person\/image\/","url":"https:\/\/secure.gravatar.com\/avatar\/b453c1e4fc54a13ec0d84b7dae2526113f311e2f22032eb2d267463ccd70d46f?s=96&d=mm&r=g","contentUrl":"https:\/\/secure.gravatar.com\/avatar\/b453c1e4fc54a13ec0d84b7dae2526113f311e2f22032eb2d267463ccd70d46f?s=96&d=mm&r=g","caption":"Fabrizio D'Alessandro"},"description":"Responsabile comunicazione CR FIPAV Puglia","url":"https:\/\/www.fipavpugliamagazine.it\/2020\/author\/fabridal\/"}]}},"_links":{"self":[{"href":"https:\/\/www.fipavpugliamagazine.it\/2020\/wp-json\/wp\/v2\/posts\/7476","targetHints":{"allow":["GET"]}}],"collection":[{"href":"https:\/\/www.fipavpugliamagazine.it\/2020\/wp-json\/wp\/v2\/posts"}],"about":[{"href":"https:\/\/www.fipavpugliamagazine.it\/2020\/wp-json\/wp\/v2\/types\/post"}],"author":[{"embeddable":true,"href":"https:\/\/www.fipavpugliamagazine.it\/2020\/wp-json\/wp\/v2\/users\/1"}],"replies":[{"embeddable":true,"href":"https:\/\/www.fipavpugliamagazine.it\/2020\/wp-json\/wp\/v2\/comments?post=7476"}],"version-history":[{"count":1,"href":"https:\/\/www.fipavpugliamagazine.it\/2020\/wp-json\/wp\/v2\/posts\/7476\/revisions"}],"predecessor-version":[{"id":7478,"href":"https:\/\/www.fipavpugliamagazine.it\/2020\/wp-json\/wp\/v2\/posts\/7476\/revisions\/7478"}],"wp:featuredmedia":[{"embeddable":true,"href":"https:\/\/www.fipavpugliamagazine.it\/2020\/wp-json\/wp\/v2\/media\/7477"}],"wp:attachment":[{"href":"https:\/\/www.fipavpugliamagazine.it\/2020\/wp-json\/wp\/v2\/media?parent=7476"}],"wp:term":[{"taxonomy":"category","embeddable":true,"href":"https:\/\/www.fipavpugliamagazine.it\/2020\/wp-json\/wp\/v2\/categories?post=7476"},{"taxonomy":"post_tag","embeddable":true,"href":"https:\/\/www.fipavpugliamagazine.it\/2020\/wp-json\/wp\/v2\/tags?post=7476"}],"curies":[{"name":"wp","href":"https:\/\/api.w.org\/{rel}","templated":true}]}}