{"id":6343,"date":"2025-12-29T17:26:40","date_gmt":"2025-12-29T17:26:40","guid":{"rendered":"https:\/\/www.fipavpugliamagazine.it\/2020\/?p=6343"},"modified":"2025-12-29T17:26:43","modified_gmt":"2025-12-29T17:26:43","slug":"29-12-2025-vip-volley-in-puglia-giuseppe-manfredi-racconta-lanno-doro-del-volley-italiano-e-guarda-al-futuro","status":"publish","type":"post","link":"https:\/\/www.fipavpugliamagazine.it\/2020\/2025\/12\/29\/29-12-2025-vip-volley-in-puglia-giuseppe-manfredi-racconta-lanno-doro-del-volley-italiano-e-guarda-al-futuro\/","title":{"rendered":"29-12-2025: VIP \u2013 Volley in Puglia: Giuseppe Manfredi racconta l\u2019anno d\u2019oro del volley italiano e guarda al futuro"},"content":{"rendered":"\n<p>Un ospite d\u2019eccezione per chiudere il 2025 di VIP \u2013 Volley in Puglia. Nella 7\u00aa puntata della 3\u00aa stagione, registrata ad Alberobello al termine del Consiglio Federale di fine anno, il presidente della Federazione Italiana Pallavolo <strong>Giuseppe Manfredi <\/strong>ha tracciato un bilancio profondo e articolato di un ciclo straordinario per la pallavolo italiana, toccando risultati sportivi, investimenti, territorio e prospettive future.<\/p>\n\n\n\n<p>Un punto di partenza chiaro: non fermarsi.<br>\u00abAbbiamo sempre da migliorare. Il miglioramento pi\u00f9 importante \u00e8 quello di confermarsi, che \u00e8 la cosa pi\u00f9 difficile che ci possa essere\u00bb, ha spiegato Manfredi, sottolineando come la sfida principale non sia vincere, ma restare al vertice. Un concetto che guida anche la programmazione del prossimo futuro, a partire dagli appuntamenti internazionali: \u00abAbbiamo un Europeo importantissimo, che qualifica direttamente alle Olimpiadi la prima classificata. Gli obiettivi ci sono, ma non voglio mettere pressione a nessuno: dobbiamo cercare di raggiungerli lavorando\u00bb.<\/p>\n\n\n\n<p>Nel ripercorrere i successi recenti delle Nazionali azzurre, il presidente FIPAV ha evidenziato il valore strutturale del sistema italiano. \u00abI nostri campionati giovanili sono molto performanti. Abbiamo tecnici di primissimo piano, ma non dimentichiamoci che abbiamo campionati di altissimo livello. Le finali nazionali, il Trofeo delle Regioni, questo sistema fuori dall\u2019Italia non esiste\u00bb. Un vantaggio competitivo che nasce dalla base: \u00abLe nostre societ\u00e0 sono parte integrante di un sistema vincente\u00bb.<\/p>\n\n\n\n<p>Un sistema che vive anche di investimenti concreti. \u00abSe non investi non vai da nessuna parte. Abbiamo campionati importanti, tecnici bravi e ragazzi splendidi, ma facciamo anche investimenti importantissimi\u00bb, ha rimarcato Manfredi, ribadendo come il sostegno alle societ\u00e0 non vada letto come semplice contributo: \u00abIo non parlo di contributi, parlo di investimenti sulle societ\u00e0. Abbiamo stanziato 1,6 milioni di euro, premiando chi lavora sul settore giovanile e chi d\u00e0 atleti alle Nazionali\u00bb.<\/p>\n\n\n\n<p>Ampio spazio anche al tema del territorio e dell\u2019organizzazione federale, definita come un unicum a livello internazionale. \u00abAbbiamo una struttura giovane, appassionata, con un\u2019organizzazione periferica che non esiste in nessun\u2019altra parte del mondo. I comitati territoriali generano valore, soprattutto sull\u2019attivit\u00e0 giovanile\u00bb. Un sistema che funziona perch\u00e9 condiviso: \u00abNessuno ha inventato niente. Queste cose esistevano gi\u00e0, ma oggi abbiamo trovato gruppi di atleti e atlete straordinari\u00bb.<\/p>\n\n\n\n<p>Nel corso della puntata, Manfredi ha affrontato anche i temi dell\u2019inclusione e dello sviluppo delle diverse discipline: indoor, sitting volley e beach volley. \u00abIl risultato fine a se stesso \u00e8 importante, ma deve servire a far crescere il movimento. Abbiamo ragazze e ragazzi che si stanno avvicinando anche a queste specialit\u00e0\u00bb. Sul fenomeno del beach volley, il presidente non ha nascosto la portata del boom: \u00ab\u00c8 qualcosa di incredibile, stiamo organizzando decine e decine di tornei, soprattutto giovanili\u00bb.<\/p>\n\n\n\n<p>Grande attenzione \u00e8 stata dedicata anche alle infrastrutture, con il progetto Volley Box, ormai avviato, presentato da Asset Puglia. \u00abNon \u00e8 pi\u00f9 un\u2019idea. Abbiamo presentato il progetto, il progetto esecutivo \u00e8 pronto e siamo partiti. Metteremo 20 milioni per realizzare il maggior numero possibile di impianti replicabili\u00bb, ha spiegato Manfredi, sottolineando l\u2019interesse crescente anche da parte di altre regioni.<\/p>\n\n\n\n<p>Lo sguardo si \u00e8 poi allargato al 2026, anno simbolico per la FIPAV che celebrer\u00e0 gli 80 anni dalla fondazione. \u00abNon \u00e8 il numero che conta, ma il momento. Dobbiamo capitalizzare quello che \u00e8 successo negli ultimi vent\u2019anni e andare sul territorio a dare riconoscimento a chi ha lavorato nell\u2019ombra\u00bb. Un concetto ribadito con forza: \u00abSenza il territorio non andiamo da nessuna parte\u00bb.<\/p>\n\n\n\n<p>Nel dialogo non \u00e8 mancato un passaggio di forte valore sociale, con il riferimento a \u201cLa Settimana di Federica\u201d, iniziativa contro la violenza di genere che coinvolge il movimento pallavolistico pugliese. Un impegno che, come sottolineato durante la puntata, va oltre lo sport e chiama in causa la responsabilit\u00e0 educativa delle federazioni.<\/p>\n\n\n\n<p>In chiusura, l\u2019augurio del presidente Manfredi \u00e8 diventato una dichiarazione di intenti:<br>\u00abLo sport oggi ha un\u2019importanza sempre maggiore. Dobbiamo portare pi\u00f9 bambini in palestra, ma soprattutto migliorare lo stato delle cose attraverso lo sport\u00bb.<\/p>\n\n\n\n<p>La puntata, condotta da Max Sisto e Fabrizio D\u2019Alessandro, conferma VIP \u2013 Volley in Puglia come racconto autentico del volley regionale, capace di dialogare con il panorama nazionale e di dare voce ai protagonisti del movimento.<\/p>\n\n\n\n<p>La trasmissione \u00e8 in onda su TRM H24 e disponibile sui canali social del CR FIPAV Puglia.<\/p>\n\n\n\n<p>La 7a puntata di VIP, Volley in Puglia \u00e8 disponibile all&#8217;indirizzo <a href=\"https:\/\/youtu.be\/APpiJntHO0k\">https:\/\/youtu.be\/APpiJntHO0k<\/a><\/p>\n","protected":false},"excerpt":{"rendered":"<p>Un ospite d\u2019eccezione per chiudere il 2025 di VIP \u2013 Volley in Puglia. Nella 7\u00aa puntata della 3\u00aa stagione, registrata ad Alberobello al termine del Consiglio Federale di fine anno, il presidente della Federazione Italiana Pallavolo Giuseppe Manfredi ha tracciato un bilancio profondo e articolato di un ciclo straordinario per la pallavolo italiana, toccando risultati [&hellip;]<\/p>\n","protected":false},"author":1,"featured_media":6344,"comment_status":"closed","ping_status":"open","sticky":false,"template":"","format":"standard","meta":{"_monsterinsights_skip_tracking":false,"_monsterinsights_sitenote_active":false,"_monsterinsights_sitenote_note":"","_monsterinsights_sitenote_category":0,"tdm_status":"","tdm_grid_status":"","footnotes":""},"categories":[534],"tags":[19,16,15],"class_list":{"0":"post-6343","1":"post","2":"type-post","3":"status-publish","4":"format-standard","5":"has-post-thumbnail","7":"category-news-fipav-puglia-2025-2026","8":"tag-fipavpuglia","9":"tag-flash","10":"tag-top"},"yoast_head":"<!-- This site is optimized with the Yoast SEO plugin v26.6 - https:\/\/yoast.com\/wordpress\/plugins\/seo\/ -->\n<title>29-12-2025: VIP \u2013 Volley in Puglia: Giuseppe Manfredi racconta l\u2019anno d\u2019oro del volley italiano e guarda al futuro - Fipav Puglia Magazine<\/title>\n<meta name=\"robots\" content=\"index, follow, max-snippet:-1, max-image-preview:large, max-video-preview:-1\" \/>\n<link rel=\"canonical\" href=\"https:\/\/www.fipavpugliamagazine.it\/2020\/2025\/12\/29\/29-12-2025-vip-volley-in-puglia-giuseppe-manfredi-racconta-lanno-doro-del-volley-italiano-e-guarda-al-futuro\/\" \/>\n<meta property=\"og:locale\" content=\"it_IT\" \/>\n<meta property=\"og:type\" content=\"article\" \/>\n<meta property=\"og:title\" content=\"29-12-2025: VIP \u2013 Volley in Puglia: Giuseppe Manfredi racconta l\u2019anno d\u2019oro del volley italiano e guarda al futuro - Fipav Puglia Magazine\" \/>\n<meta property=\"og:description\" content=\"Un ospite d\u2019eccezione per chiudere il 2025 di VIP \u2013 Volley in Puglia. Nella 7\u00aa puntata della 3\u00aa stagione, registrata ad Alberobello al termine del Consiglio Federale di fine anno, il presidente della Federazione Italiana Pallavolo Giuseppe Manfredi ha tracciato un bilancio profondo e articolato di un ciclo straordinario per la pallavolo italiana, toccando risultati [&hellip;]\" \/>\n<meta property=\"og:url\" content=\"https:\/\/www.fipavpugliamagazine.it\/2020\/2025\/12\/29\/29-12-2025-vip-volley-in-puglia-giuseppe-manfredi-racconta-lanno-doro-del-volley-italiano-e-guarda-al-futuro\/\" \/>\n<meta property=\"og:site_name\" content=\"Fipav Puglia Magazine\" \/>\n<meta property=\"article:publisher\" content=\"http:\/\/www.facebook.com\/fipavpuglia\" \/>\n<meta property=\"article:published_time\" content=\"2025-12-29T17:26:40+00:00\" \/>\n<meta property=\"article:modified_time\" content=\"2025-12-29T17:26:43+00:00\" \/>\n<meta property=\"og:image\" content=\"https:\/\/www.fipavpugliamagazine.it\/2020\/wp-content\/uploads\/2025\/12\/vlcsnap-2025-12-29-18h24m32s695.jpg\" \/>\n\t<meta property=\"og:image:width\" content=\"1920\" \/>\n\t<meta property=\"og:image:height\" content=\"1080\" \/>\n\t<meta property=\"og:image:type\" content=\"image\/jpeg\" \/>\n<meta name=\"author\" content=\"Fabrizio D&#039;Alessandro\" \/>\n<meta name=\"twitter:card\" content=\"summary_large_image\" \/>\n<meta name=\"twitter:label1\" content=\"Scritto da\" \/>\n\t<meta name=\"twitter:data1\" content=\"Fabrizio D&#039;Alessandro\" \/>\n\t<meta name=\"twitter:label2\" content=\"Tempo di lettura stimato\" \/>\n\t<meta name=\"twitter:data2\" content=\"4 minuti\" \/>\n<script type=\"application\/ld+json\" class=\"yoast-schema-graph\">{\"@context\":\"https:\/\/schema.org\",\"@graph\":[{\"@type\":\"Article\",\"@id\":\"https:\/\/www.fipavpugliamagazine.it\/2020\/2025\/12\/29\/29-12-2025-vip-volley-in-puglia-giuseppe-manfredi-racconta-lanno-doro-del-volley-italiano-e-guarda-al-futuro\/#article\",\"isPartOf\":{\"@id\":\"https:\/\/www.fipavpugliamagazine.it\/2020\/2025\/12\/29\/29-12-2025-vip-volley-in-puglia-giuseppe-manfredi-racconta-lanno-doro-del-volley-italiano-e-guarda-al-futuro\/\"},\"author\":{\"name\":\"Fabrizio D'Alessandro\",\"@id\":\"https:\/\/www.fipavpugliamagazine.it\/2020\/#\/schema\/person\/3c77c3bc0e1b52b050936902c36fdc7e\"},\"headline\":\"29-12-2025: VIP \u2013 Volley in Puglia: Giuseppe Manfredi racconta l\u2019anno d\u2019oro del volley italiano e guarda al futuro\",\"datePublished\":\"2025-12-29T17:26:40+00:00\",\"dateModified\":\"2025-12-29T17:26:43+00:00\",\"mainEntityOfPage\":{\"@id\":\"https:\/\/www.fipavpugliamagazine.it\/2020\/2025\/12\/29\/29-12-2025-vip-volley-in-puglia-giuseppe-manfredi-racconta-lanno-doro-del-volley-italiano-e-guarda-al-futuro\/\"},\"wordCount\":723,\"publisher\":{\"@id\":\"https:\/\/www.fipavpugliamagazine.it\/2020\/#organization\"},\"image\":{\"@id\":\"https:\/\/www.fipavpugliamagazine.it\/2020\/2025\/12\/29\/29-12-2025-vip-volley-in-puglia-giuseppe-manfredi-racconta-lanno-doro-del-volley-italiano-e-guarda-al-futuro\/#primaryimage\"},\"thumbnailUrl\":\"https:\/\/www.fipavpugliamagazine.it\/2020\/wp-content\/uploads\/2025\/12\/vlcsnap-2025-12-29-18h24m32s695.jpg\",\"keywords\":[\"fipavpuglia\",\"flash\",\"top\"],\"articleSection\":[\"News Fipav Puglia 2025-2026\"],\"inLanguage\":\"it-IT\"},{\"@type\":\"WebPage\",\"@id\":\"https:\/\/www.fipavpugliamagazine.it\/2020\/2025\/12\/29\/29-12-2025-vip-volley-in-puglia-giuseppe-manfredi-racconta-lanno-doro-del-volley-italiano-e-guarda-al-futuro\/\",\"url\":\"https:\/\/www.fipavpugliamagazine.it\/2020\/2025\/12\/29\/29-12-2025-vip-volley-in-puglia-giuseppe-manfredi-racconta-lanno-doro-del-volley-italiano-e-guarda-al-futuro\/\",\"name\":\"29-12-2025: VIP \u2013 Volley in Puglia: Giuseppe Manfredi racconta l\u2019anno d\u2019oro del volley italiano e guarda al futuro - Fipav Puglia Magazine\",\"isPartOf\":{\"@id\":\"https:\/\/www.fipavpugliamagazine.it\/2020\/#website\"},\"primaryImageOfPage\":{\"@id\":\"https:\/\/www.fipavpugliamagazine.it\/2020\/2025\/12\/29\/29-12-2025-vip-volley-in-puglia-giuseppe-manfredi-racconta-lanno-doro-del-volley-italiano-e-guarda-al-futuro\/#primaryimage\"},\"image\":{\"@id\":\"https:\/\/www.fipavpugliamagazine.it\/2020\/2025\/12\/29\/29-12-2025-vip-volley-in-puglia-giuseppe-manfredi-racconta-lanno-doro-del-volley-italiano-e-guarda-al-futuro\/#primaryimage\"},\"thumbnailUrl\":\"https:\/\/www.fipavpugliamagazine.it\/2020\/wp-content\/uploads\/2025\/12\/vlcsnap-2025-12-29-18h24m32s695.jpg\",\"datePublished\":\"2025-12-29T17:26:40+00:00\",\"dateModified\":\"2025-12-29T17:26:43+00:00\",\"breadcrumb\":{\"@id\":\"https:\/\/www.fipavpugliamagazine.it\/2020\/2025\/12\/29\/29-12-2025-vip-volley-in-puglia-giuseppe-manfredi-racconta-lanno-doro-del-volley-italiano-e-guarda-al-futuro\/#breadcrumb\"},\"inLanguage\":\"it-IT\",\"potentialAction\":[{\"@type\":\"ReadAction\",\"target\":[\"https:\/\/www.fipavpugliamagazine.it\/2020\/2025\/12\/29\/29-12-2025-vip-volley-in-puglia-giuseppe-manfredi-racconta-lanno-doro-del-volley-italiano-e-guarda-al-futuro\/\"]}]},{\"@type\":\"ImageObject\",\"inLanguage\":\"it-IT\",\"@id\":\"https:\/\/www.fipavpugliamagazine.it\/2020\/2025\/12\/29\/29-12-2025-vip-volley-in-puglia-giuseppe-manfredi-racconta-lanno-doro-del-volley-italiano-e-guarda-al-futuro\/#primaryimage\",\"url\":\"https:\/\/www.fipavpugliamagazine.it\/2020\/wp-content\/uploads\/2025\/12\/vlcsnap-2025-12-29-18h24m32s695.jpg\",\"contentUrl\":\"https:\/\/www.fipavpugliamagazine.it\/2020\/wp-content\/uploads\/2025\/12\/vlcsnap-2025-12-29-18h24m32s695.jpg\",\"width\":1920,\"height\":1080},{\"@type\":\"BreadcrumbList\",\"@id\":\"https:\/\/www.fipavpugliamagazine.it\/2020\/2025\/12\/29\/29-12-2025-vip-volley-in-puglia-giuseppe-manfredi-racconta-lanno-doro-del-volley-italiano-e-guarda-al-futuro\/#breadcrumb\",\"itemListElement\":[{\"@type\":\"ListItem\",\"position\":1,\"name\":\"Home\",\"item\":\"https:\/\/www.fipavpugliamagazine.it\/2020\/\"},{\"@type\":\"ListItem\",\"position\":2,\"name\":\"29-12-2025: VIP \u2013 Volley in Puglia: Giuseppe Manfredi racconta l\u2019anno d\u2019oro del volley italiano e guarda al futuro\"}]},{\"@type\":\"WebSite\",\"@id\":\"https:\/\/www.fipavpugliamagazine.it\/2020\/#website\",\"url\":\"https:\/\/www.fipavpugliamagazine.it\/2020\/\",\"name\":\"Fipav Puglia Magazine\",\"description\":\"Comunicazione CR FIPAV Puglia\",\"publisher\":{\"@id\":\"https:\/\/www.fipavpugliamagazine.it\/2020\/#organization\"},\"potentialAction\":[{\"@type\":\"SearchAction\",\"target\":{\"@type\":\"EntryPoint\",\"urlTemplate\":\"https:\/\/www.fipavpugliamagazine.it\/2020\/?s={search_term_string}\"},\"query-input\":{\"@type\":\"PropertyValueSpecification\",\"valueRequired\":true,\"valueName\":\"search_term_string\"}}],\"inLanguage\":\"it-IT\"},{\"@type\":\"Organization\",\"@id\":\"https:\/\/www.fipavpugliamagazine.it\/2020\/#organization\",\"name\":\"Fipav Puglia Magazine\",\"url\":\"https:\/\/www.fipavpugliamagazine.it\/2020\/\",\"logo\":{\"@type\":\"ImageObject\",\"inLanguage\":\"it-IT\",\"@id\":\"https:\/\/www.fipavpugliamagazine.it\/2020\/#\/schema\/logo\/image\/\",\"url\":\"https:\/\/www.fipavpugliamagazine.it\/2020\/wp-content\/uploads\/2025\/12\/LogoneFipavPuglia-scaled.png\",\"contentUrl\":\"https:\/\/www.fipavpugliamagazine.it\/2020\/wp-content\/uploads\/2025\/12\/LogoneFipavPuglia-scaled.png\",\"width\":2560,\"height\":2512,\"caption\":\"Fipav Puglia Magazine\"},\"image\":{\"@id\":\"https:\/\/www.fipavpugliamagazine.it\/2020\/#\/schema\/logo\/image\/\"},\"sameAs\":[\"http:\/\/www.facebook.com\/fipavpuglia\"]},{\"@type\":\"Person\",\"@id\":\"https:\/\/www.fipavpugliamagazine.it\/2020\/#\/schema\/person\/3c77c3bc0e1b52b050936902c36fdc7e\",\"name\":\"Fabrizio D'Alessandro\",\"image\":{\"@type\":\"ImageObject\",\"inLanguage\":\"it-IT\",\"@id\":\"https:\/\/www.fipavpugliamagazine.it\/2020\/#\/schema\/person\/image\/\",\"url\":\"https:\/\/secure.gravatar.com\/avatar\/b453c1e4fc54a13ec0d84b7dae2526113f311e2f22032eb2d267463ccd70d46f?s=96&d=mm&r=g\",\"contentUrl\":\"https:\/\/secure.gravatar.com\/avatar\/b453c1e4fc54a13ec0d84b7dae2526113f311e2f22032eb2d267463ccd70d46f?s=96&d=mm&r=g\",\"caption\":\"Fabrizio D'Alessandro\"},\"description\":\"Responsabile comunicazione CR FIPAV Puglia\",\"url\":\"https:\/\/www.fipavpugliamagazine.it\/2020\/author\/fabridal\/\"}]}<\/script>\n<!-- \/ Yoast SEO plugin. -->","yoast_head_json":{"title":"29-12-2025: VIP \u2013 Volley in Puglia: Giuseppe Manfredi racconta l\u2019anno d\u2019oro del volley italiano e guarda al futuro - Fipav Puglia Magazine","robots":{"index":"index","follow":"follow","max-snippet":"max-snippet:-1","max-image-preview":"max-image-preview:large","max-video-preview":"max-video-preview:-1"},"canonical":"https:\/\/www.fipavpugliamagazine.it\/2020\/2025\/12\/29\/29-12-2025-vip-volley-in-puglia-giuseppe-manfredi-racconta-lanno-doro-del-volley-italiano-e-guarda-al-futuro\/","og_locale":"it_IT","og_type":"article","og_title":"29-12-2025: VIP \u2013 Volley in Puglia: Giuseppe Manfredi racconta l\u2019anno d\u2019oro del volley italiano e guarda al futuro - Fipav Puglia Magazine","og_description":"Un ospite d\u2019eccezione per chiudere il 2025 di VIP \u2013 Volley in Puglia. Nella 7\u00aa puntata della 3\u00aa stagione, registrata ad Alberobello al termine del Consiglio Federale di fine anno, il presidente della Federazione Italiana Pallavolo Giuseppe Manfredi ha tracciato un bilancio profondo e articolato di un ciclo straordinario per la pallavolo italiana, toccando risultati [&hellip;]","og_url":"https:\/\/www.fipavpugliamagazine.it\/2020\/2025\/12\/29\/29-12-2025-vip-volley-in-puglia-giuseppe-manfredi-racconta-lanno-doro-del-volley-italiano-e-guarda-al-futuro\/","og_site_name":"Fipav Puglia Magazine","article_publisher":"http:\/\/www.facebook.com\/fipavpuglia","article_published_time":"2025-12-29T17:26:40+00:00","article_modified_time":"2025-12-29T17:26:43+00:00","og_image":[{"width":1920,"height":1080,"url":"https:\/\/www.fipavpugliamagazine.it\/2020\/wp-content\/uploads\/2025\/12\/vlcsnap-2025-12-29-18h24m32s695.jpg","type":"image\/jpeg"}],"author":"Fabrizio D'Alessandro","twitter_card":"summary_large_image","twitter_misc":{"Scritto da":"Fabrizio D'Alessandro","Tempo di lettura stimato":"4 minuti"},"schema":{"@context":"https:\/\/schema.org","@graph":[{"@type":"Article","@id":"https:\/\/www.fipavpugliamagazine.it\/2020\/2025\/12\/29\/29-12-2025-vip-volley-in-puglia-giuseppe-manfredi-racconta-lanno-doro-del-volley-italiano-e-guarda-al-futuro\/#article","isPartOf":{"@id":"https:\/\/www.fipavpugliamagazine.it\/2020\/2025\/12\/29\/29-12-2025-vip-volley-in-puglia-giuseppe-manfredi-racconta-lanno-doro-del-volley-italiano-e-guarda-al-futuro\/"},"author":{"name":"Fabrizio D'Alessandro","@id":"https:\/\/www.fipavpugliamagazine.it\/2020\/#\/schema\/person\/3c77c3bc0e1b52b050936902c36fdc7e"},"headline":"29-12-2025: VIP \u2013 Volley in Puglia: Giuseppe Manfredi racconta l\u2019anno d\u2019oro del volley italiano e guarda al futuro","datePublished":"2025-12-29T17:26:40+00:00","dateModified":"2025-12-29T17:26:43+00:00","mainEntityOfPage":{"@id":"https:\/\/www.fipavpugliamagazine.it\/2020\/2025\/12\/29\/29-12-2025-vip-volley-in-puglia-giuseppe-manfredi-racconta-lanno-doro-del-volley-italiano-e-guarda-al-futuro\/"},"wordCount":723,"publisher":{"@id":"https:\/\/www.fipavpugliamagazine.it\/2020\/#organization"},"image":{"@id":"https:\/\/www.fipavpugliamagazine.it\/2020\/2025\/12\/29\/29-12-2025-vip-volley-in-puglia-giuseppe-manfredi-racconta-lanno-doro-del-volley-italiano-e-guarda-al-futuro\/#primaryimage"},"thumbnailUrl":"https:\/\/www.fipavpugliamagazine.it\/2020\/wp-content\/uploads\/2025\/12\/vlcsnap-2025-12-29-18h24m32s695.jpg","keywords":["fipavpuglia","flash","top"],"articleSection":["News Fipav Puglia 2025-2026"],"inLanguage":"it-IT"},{"@type":"WebPage","@id":"https:\/\/www.fipavpugliamagazine.it\/2020\/2025\/12\/29\/29-12-2025-vip-volley-in-puglia-giuseppe-manfredi-racconta-lanno-doro-del-volley-italiano-e-guarda-al-futuro\/","url":"https:\/\/www.fipavpugliamagazine.it\/2020\/2025\/12\/29\/29-12-2025-vip-volley-in-puglia-giuseppe-manfredi-racconta-lanno-doro-del-volley-italiano-e-guarda-al-futuro\/","name":"29-12-2025: VIP \u2013 Volley in Puglia: Giuseppe Manfredi racconta l\u2019anno d\u2019oro del volley italiano e guarda al futuro - Fipav Puglia Magazine","isPartOf":{"@id":"https:\/\/www.fipavpugliamagazine.it\/2020\/#website"},"primaryImageOfPage":{"@id":"https:\/\/www.fipavpugliamagazine.it\/2020\/2025\/12\/29\/29-12-2025-vip-volley-in-puglia-giuseppe-manfredi-racconta-lanno-doro-del-volley-italiano-e-guarda-al-futuro\/#primaryimage"},"image":{"@id":"https:\/\/www.fipavpugliamagazine.it\/2020\/2025\/12\/29\/29-12-2025-vip-volley-in-puglia-giuseppe-manfredi-racconta-lanno-doro-del-volley-italiano-e-guarda-al-futuro\/#primaryimage"},"thumbnailUrl":"https:\/\/www.fipavpugliamagazine.it\/2020\/wp-content\/uploads\/2025\/12\/vlcsnap-2025-12-29-18h24m32s695.jpg","datePublished":"2025-12-29T17:26:40+00:00","dateModified":"2025-12-29T17:26:43+00:00","breadcrumb":{"@id":"https:\/\/www.fipavpugliamagazine.it\/2020\/2025\/12\/29\/29-12-2025-vip-volley-in-puglia-giuseppe-manfredi-racconta-lanno-doro-del-volley-italiano-e-guarda-al-futuro\/#breadcrumb"},"inLanguage":"it-IT","potentialAction":[{"@type":"ReadAction","target":["https:\/\/www.fipavpugliamagazine.it\/2020\/2025\/12\/29\/29-12-2025-vip-volley-in-puglia-giuseppe-manfredi-racconta-lanno-doro-del-volley-italiano-e-guarda-al-futuro\/"]}]},{"@type":"ImageObject","inLanguage":"it-IT","@id":"https:\/\/www.fipavpugliamagazine.it\/2020\/2025\/12\/29\/29-12-2025-vip-volley-in-puglia-giuseppe-manfredi-racconta-lanno-doro-del-volley-italiano-e-guarda-al-futuro\/#primaryimage","url":"https:\/\/www.fipavpugliamagazine.it\/2020\/wp-content\/uploads\/2025\/12\/vlcsnap-2025-12-29-18h24m32s695.jpg","contentUrl":"https:\/\/www.fipavpugliamagazine.it\/2020\/wp-content\/uploads\/2025\/12\/vlcsnap-2025-12-29-18h24m32s695.jpg","width":1920,"height":1080},{"@type":"BreadcrumbList","@id":"https:\/\/www.fipavpugliamagazine.it\/2020\/2025\/12\/29\/29-12-2025-vip-volley-in-puglia-giuseppe-manfredi-racconta-lanno-doro-del-volley-italiano-e-guarda-al-futuro\/#breadcrumb","itemListElement":[{"@type":"ListItem","position":1,"name":"Home","item":"https:\/\/www.fipavpugliamagazine.it\/2020\/"},{"@type":"ListItem","position":2,"name":"29-12-2025: VIP \u2013 Volley in Puglia: Giuseppe Manfredi racconta l\u2019anno d\u2019oro del volley italiano e guarda al futuro"}]},{"@type":"WebSite","@id":"https:\/\/www.fipavpugliamagazine.it\/2020\/#website","url":"https:\/\/www.fipavpugliamagazine.it\/2020\/","name":"Fipav Puglia Magazine","description":"Comunicazione CR FIPAV Puglia","publisher":{"@id":"https:\/\/www.fipavpugliamagazine.it\/2020\/#organization"},"potentialAction":[{"@type":"SearchAction","target":{"@type":"EntryPoint","urlTemplate":"https:\/\/www.fipavpugliamagazine.it\/2020\/?s={search_term_string}"},"query-input":{"@type":"PropertyValueSpecification","valueRequired":true,"valueName":"search_term_string"}}],"inLanguage":"it-IT"},{"@type":"Organization","@id":"https:\/\/www.fipavpugliamagazine.it\/2020\/#organization","name":"Fipav Puglia Magazine","url":"https:\/\/www.fipavpugliamagazine.it\/2020\/","logo":{"@type":"ImageObject","inLanguage":"it-IT","@id":"https:\/\/www.fipavpugliamagazine.it\/2020\/#\/schema\/logo\/image\/","url":"https:\/\/www.fipavpugliamagazine.it\/2020\/wp-content\/uploads\/2025\/12\/LogoneFipavPuglia-scaled.png","contentUrl":"https:\/\/www.fipavpugliamagazine.it\/2020\/wp-content\/uploads\/2025\/12\/LogoneFipavPuglia-scaled.png","width":2560,"height":2512,"caption":"Fipav Puglia Magazine"},"image":{"@id":"https:\/\/www.fipavpugliamagazine.it\/2020\/#\/schema\/logo\/image\/"},"sameAs":["http:\/\/www.facebook.com\/fipavpuglia"]},{"@type":"Person","@id":"https:\/\/www.fipavpugliamagazine.it\/2020\/#\/schema\/person\/3c77c3bc0e1b52b050936902c36fdc7e","name":"Fabrizio D'Alessandro","image":{"@type":"ImageObject","inLanguage":"it-IT","@id":"https:\/\/www.fipavpugliamagazine.it\/2020\/#\/schema\/person\/image\/","url":"https:\/\/secure.gravatar.com\/avatar\/b453c1e4fc54a13ec0d84b7dae2526113f311e2f22032eb2d267463ccd70d46f?s=96&d=mm&r=g","contentUrl":"https:\/\/secure.gravatar.com\/avatar\/b453c1e4fc54a13ec0d84b7dae2526113f311e2f22032eb2d267463ccd70d46f?s=96&d=mm&r=g","caption":"Fabrizio D'Alessandro"},"description":"Responsabile comunicazione CR FIPAV Puglia","url":"https:\/\/www.fipavpugliamagazine.it\/2020\/author\/fabridal\/"}]}},"_links":{"self":[{"href":"https:\/\/www.fipavpugliamagazine.it\/2020\/wp-json\/wp\/v2\/posts\/6343","targetHints":{"allow":["GET"]}}],"collection":[{"href":"https:\/\/www.fipavpugliamagazine.it\/2020\/wp-json\/wp\/v2\/posts"}],"about":[{"href":"https:\/\/www.fipavpugliamagazine.it\/2020\/wp-json\/wp\/v2\/types\/post"}],"author":[{"embeddable":true,"href":"https:\/\/www.fipavpugliamagazine.it\/2020\/wp-json\/wp\/v2\/users\/1"}],"replies":[{"embeddable":true,"href":"https:\/\/www.fipavpugliamagazine.it\/2020\/wp-json\/wp\/v2\/comments?post=6343"}],"version-history":[{"count":1,"href":"https:\/\/www.fipavpugliamagazine.it\/2020\/wp-json\/wp\/v2\/posts\/6343\/revisions"}],"predecessor-version":[{"id":6345,"href":"https:\/\/www.fipavpugliamagazine.it\/2020\/wp-json\/wp\/v2\/posts\/6343\/revisions\/6345"}],"wp:featuredmedia":[{"embeddable":true,"href":"https:\/\/www.fipavpugliamagazine.it\/2020\/wp-json\/wp\/v2\/media\/6344"}],"wp:attachment":[{"href":"https:\/\/www.fipavpugliamagazine.it\/2020\/wp-json\/wp\/v2\/media?parent=6343"}],"wp:term":[{"taxonomy":"category","embeddable":true,"href":"https:\/\/www.fipavpugliamagazine.it\/2020\/wp-json\/wp\/v2\/categories?post=6343"},{"taxonomy":"post_tag","embeddable":true,"href":"https:\/\/www.fipavpugliamagazine.it\/2020\/wp-json\/wp\/v2\/tags?post=6343"}],"curies":[{"name":"wp","href":"https:\/\/api.w.org\/{rel}","templated":true}]}}