{"id":6120,"date":"2025-11-24T08:13:24","date_gmt":"2025-11-24T08:13:24","guid":{"rendered":"https:\/\/www.fipavpugliamagazine.it\/2020\/?p=6120"},"modified":"2025-11-24T08:13:29","modified_gmt":"2025-11-24T08:13:29","slug":"24-11-2025-fipavpuglia-il-capitano-della-nazionale-anna-danesi-al-fianco-de-la-settimana-di-federica","status":"publish","type":"post","link":"https:\/\/www.fipavpugliamagazine.it\/2020\/2025\/11\/24\/24-11-2025-fipavpuglia-il-capitano-della-nazionale-anna-danesi-al-fianco-de-la-settimana-di-federica\/","title":{"rendered":"24-11-2025: #fipavpuglia &#8211; Il capitano della Nazionale Anna Danesi al fianco de \u201cLa Settimana di Federica\u201d"},"content":{"rendered":"\n<p>Il Comitato Regionale FIPAV Puglia apre ufficialmente La Settimana di Federica 2025 con il videomessaggio di Anna Danesi, capitano della Nazionale Italiana femminile Campione del Mondo 2025 e vice capitano della Numia Vero Volley Milano.<br>Un contributo di grande valore che inaugura una settimana dedicata alla memoria di Federica De Luca, vittima di femminicidio per mano del marito, e del piccolo Andrea, ucciso anch\u2019egli dal padre nel 2016.<\/p>\n\n\n\n<p>Dal 24 al 30 novembre 2025, tutto il movimento pallavolistico pugliese sar\u00e0 impegnato in un percorso condiviso di sensibilizzazione, testimonianza e responsabilit\u00e0 sociale. Su ogni campo territoriale e regionale verr\u00e0 osservato un minuto di silenzio, saranno esposti simboli dedicati e verr\u00e0 letto un messaggio pre-gara, perch\u00e9 il ricordo di Federica e Andrea possa arrivare a ogni atleta, famiglia e appassionato.<\/p>\n\n\n\n<p>Nel corso della settimana si svolgeranno diversi appuntamenti significativi.<br>Il 22 novembre a Muro Leccese, l\u2019evento \u201cVietato Morire\u201d coinvolger\u00e0 gli alunni delle scuole primarie locali, in un laboratorio educativo fatto di parole, ascolto e riflessioni.<br>Il 25 novembre a Trani, presso la Biblioteca Comunale \u201cG. Bovio\u201d, \u00e8 in programma \u201cLasciateci vivere\u201d, iniziativa realizzata in collaborazione con FIDAPA Trani.<br>Il momento centrale sar\u00e0 il 28 novembre ad Acquaviva delle Fonti, con l\u2019evento \u201cNon \u00e8 Amore! Uniti contro la violenza sulle donne\u201d al Teatro Comunale \u201cS.A. Luciani\u201d, che ospiter\u00e0 scuole, associazioni sportive, la famiglia di Federica e la proiezione di due cortometraggi tematici. Nel corso della serata verr\u00e0 conferito anche il Premio Nazionale \u201cFederica De Luca\u201d, assegnato dalla FIPAV all\u2019ufficiale di gara donna di categoria nazionale distintasi nella stagione sportiva.<br>Chiude il programma il progetto educativo \u201cRelazioni in Gioco\u201d della ASD Noha Volley di Noicattaro, dedicato alla gestione del conflitto nello sport attraverso attivit\u00e0 rivolte ai pi\u00f9 giovani.<\/p>\n\n\n\n<p>In questo contesto, il videomessaggio di Anna Danesi assume un peso simbolico straordinario. Non \u00e8 solo la voce della Capitano della nostra Nazionale: \u00e8 un invito, rivolto soprattutto ai pi\u00f9 giovani, a crescere nello sport come luogo di rispetto, consapevolezza e protezione. Un messaggio che richiama tutti \u2014 societ\u00e0, dirigenti, atleti, arbitri, famiglie \u2014 a non voltarsi dall\u2019altra parte e a fare della pallavolo un presidio di educazione e di valori.<\/p>\n\n\n\n<p>Il Comitato Regionale FIPAV Puglia ringrazia Anna Danesi per la sensibilit\u00e0 dimostrata e l\u2019Ufficio Stampa del Consorzio Vero Volley per la preziosa collaborazione.<\/p>\n\n\n\n<p>Videomessaggio YouTube: <a href=\"https:\/\/youtu.be\/hOCA4dCpK6Q\">https:\/\/youtu.be\/hOCA4dCpK6Q<\/a><\/p>\n","protected":false},"excerpt":{"rendered":"<p>Il Comitato Regionale FIPAV Puglia apre ufficialmente La Settimana di Federica 2025 con il videomessaggio di Anna Danesi, capitano della Nazionale Italiana femminile Campione del Mondo 2025 e vice capitano della Numia Vero Volley Milano.Un contributo di grande valore che inaugura una settimana dedicata alla memoria di Federica De Luca, vittima di femminicidio per mano [&hellip;]<\/p>\n","protected":false},"author":1,"featured_media":6121,"comment_status":"closed","ping_status":"open","sticky":false,"template":"","format":"standard","meta":{"_monsterinsights_skip_tracking":false,"_monsterinsights_sitenote_active":false,"_monsterinsights_sitenote_note":"","_monsterinsights_sitenote_category":0,"tdm_status":"","tdm_grid_status":"","footnotes":""},"categories":[534],"tags":[19,16,59,15],"class_list":{"0":"post-6120","1":"post","2":"type-post","3":"status-publish","4":"format-standard","5":"has-post-thumbnail","7":"category-news-fipav-puglia-2025-2026","8":"tag-fipavpuglia","9":"tag-flash","10":"tag-ilvolleyperfedericaeandrea","11":"tag-top"},"yoast_head":"<!-- This site is optimized with the Yoast SEO plugin v26.6 - https:\/\/yoast.com\/wordpress\/plugins\/seo\/ -->\n<title>24-11-2025: #fipavpuglia - Il capitano della Nazionale Anna Danesi al fianco de \u201cLa Settimana di Federica\u201d - Fipav Puglia Magazine<\/title>\n<meta name=\"robots\" content=\"index, follow, max-snippet:-1, max-image-preview:large, max-video-preview:-1\" \/>\n<link rel=\"canonical\" href=\"https:\/\/www.fipavpugliamagazine.it\/2020\/2025\/11\/24\/24-11-2025-fipavpuglia-il-capitano-della-nazionale-anna-danesi-al-fianco-de-la-settimana-di-federica\/\" \/>\n<meta property=\"og:locale\" content=\"it_IT\" \/>\n<meta property=\"og:type\" content=\"article\" \/>\n<meta property=\"og:title\" content=\"24-11-2025: #fipavpuglia - Il capitano della Nazionale Anna Danesi al fianco de \u201cLa Settimana di Federica\u201d - Fipav Puglia Magazine\" \/>\n<meta property=\"og:description\" content=\"Il Comitato Regionale FIPAV Puglia apre ufficialmente La Settimana di Federica 2025 con il videomessaggio di Anna Danesi, capitano della Nazionale Italiana femminile Campione del Mondo 2025 e vice capitano della Numia Vero Volley Milano.Un contributo di grande valore che inaugura una settimana dedicata alla memoria di Federica De Luca, vittima di femminicidio per mano [&hellip;]\" \/>\n<meta property=\"og:url\" content=\"https:\/\/www.fipavpugliamagazine.it\/2020\/2025\/11\/24\/24-11-2025-fipavpuglia-il-capitano-della-nazionale-anna-danesi-al-fianco-de-la-settimana-di-federica\/\" \/>\n<meta property=\"og:site_name\" content=\"Fipav Puglia Magazine\" \/>\n<meta property=\"article:publisher\" content=\"http:\/\/www.facebook.com\/fipavpuglia\" \/>\n<meta property=\"article:published_time\" content=\"2025-11-24T08:13:24+00:00\" \/>\n<meta property=\"article:modified_time\" content=\"2025-11-24T08:13:29+00:00\" \/>\n<meta property=\"og:image\" content=\"https:\/\/www.fipavpugliamagazine.it\/2020\/wp-content\/uploads\/2025\/11\/vlcsnap-2025-11-23-07h59m45s4-1024x576.png\" \/>\n\t<meta property=\"og:image:width\" content=\"1024\" \/>\n\t<meta property=\"og:image:height\" content=\"576\" \/>\n\t<meta property=\"og:image:type\" content=\"image\/png\" \/>\n<meta name=\"author\" content=\"Fabrizio D&#039;Alessandro\" \/>\n<meta name=\"twitter:card\" content=\"summary_large_image\" \/>\n<meta name=\"twitter:label1\" content=\"Scritto da\" \/>\n\t<meta name=\"twitter:data1\" content=\"Fabrizio D&#039;Alessandro\" \/>\n\t<meta name=\"twitter:label2\" content=\"Tempo di lettura stimato\" \/>\n\t<meta name=\"twitter:data2\" content=\"2 minuti\" \/>\n<script type=\"application\/ld+json\" class=\"yoast-schema-graph\">{\"@context\":\"https:\/\/schema.org\",\"@graph\":[{\"@type\":\"Article\",\"@id\":\"https:\/\/www.fipavpugliamagazine.it\/2020\/2025\/11\/24\/24-11-2025-fipavpuglia-il-capitano-della-nazionale-anna-danesi-al-fianco-de-la-settimana-di-federica\/#article\",\"isPartOf\":{\"@id\":\"https:\/\/www.fipavpugliamagazine.it\/2020\/2025\/11\/24\/24-11-2025-fipavpuglia-il-capitano-della-nazionale-anna-danesi-al-fianco-de-la-settimana-di-federica\/\"},\"author\":{\"name\":\"Fabrizio D'Alessandro\",\"@id\":\"https:\/\/www.fipavpugliamagazine.it\/2020\/#\/schema\/person\/3c77c3bc0e1b52b050936902c36fdc7e\"},\"headline\":\"24-11-2025: #fipavpuglia &#8211; Il capitano della Nazionale Anna Danesi al fianco de \u201cLa Settimana di Federica\u201d\",\"datePublished\":\"2025-11-24T08:13:24+00:00\",\"dateModified\":\"2025-11-24T08:13:29+00:00\",\"mainEntityOfPage\":{\"@id\":\"https:\/\/www.fipavpugliamagazine.it\/2020\/2025\/11\/24\/24-11-2025-fipavpuglia-il-capitano-della-nazionale-anna-danesi-al-fianco-de-la-settimana-di-federica\/\"},\"wordCount\":395,\"publisher\":{\"@id\":\"https:\/\/www.fipavpugliamagazine.it\/2020\/#organization\"},\"image\":{\"@id\":\"https:\/\/www.fipavpugliamagazine.it\/2020\/2025\/11\/24\/24-11-2025-fipavpuglia-il-capitano-della-nazionale-anna-danesi-al-fianco-de-la-settimana-di-federica\/#primaryimage\"},\"thumbnailUrl\":\"https:\/\/www.fipavpugliamagazine.it\/2020\/wp-content\/uploads\/2025\/11\/vlcsnap-2025-11-23-07h59m45s4.png\",\"keywords\":[\"fipavpuglia\",\"flash\",\"ilvolleyperfedericaeandrea\",\"top\"],\"articleSection\":[\"News Fipav Puglia 2025-2026\"],\"inLanguage\":\"it-IT\"},{\"@type\":\"WebPage\",\"@id\":\"https:\/\/www.fipavpugliamagazine.it\/2020\/2025\/11\/24\/24-11-2025-fipavpuglia-il-capitano-della-nazionale-anna-danesi-al-fianco-de-la-settimana-di-federica\/\",\"url\":\"https:\/\/www.fipavpugliamagazine.it\/2020\/2025\/11\/24\/24-11-2025-fipavpuglia-il-capitano-della-nazionale-anna-danesi-al-fianco-de-la-settimana-di-federica\/\",\"name\":\"24-11-2025: #fipavpuglia - Il capitano della Nazionale Anna Danesi al fianco de \u201cLa Settimana di Federica\u201d - Fipav Puglia Magazine\",\"isPartOf\":{\"@id\":\"https:\/\/www.fipavpugliamagazine.it\/2020\/#website\"},\"primaryImageOfPage\":{\"@id\":\"https:\/\/www.fipavpugliamagazine.it\/2020\/2025\/11\/24\/24-11-2025-fipavpuglia-il-capitano-della-nazionale-anna-danesi-al-fianco-de-la-settimana-di-federica\/#primaryimage\"},\"image\":{\"@id\":\"https:\/\/www.fipavpugliamagazine.it\/2020\/2025\/11\/24\/24-11-2025-fipavpuglia-il-capitano-della-nazionale-anna-danesi-al-fianco-de-la-settimana-di-federica\/#primaryimage\"},\"thumbnailUrl\":\"https:\/\/www.fipavpugliamagazine.it\/2020\/wp-content\/uploads\/2025\/11\/vlcsnap-2025-11-23-07h59m45s4.png\",\"datePublished\":\"2025-11-24T08:13:24+00:00\",\"dateModified\":\"2025-11-24T08:13:29+00:00\",\"breadcrumb\":{\"@id\":\"https:\/\/www.fipavpugliamagazine.it\/2020\/2025\/11\/24\/24-11-2025-fipavpuglia-il-capitano-della-nazionale-anna-danesi-al-fianco-de-la-settimana-di-federica\/#breadcrumb\"},\"inLanguage\":\"it-IT\",\"potentialAction\":[{\"@type\":\"ReadAction\",\"target\":[\"https:\/\/www.fipavpugliamagazine.it\/2020\/2025\/11\/24\/24-11-2025-fipavpuglia-il-capitano-della-nazionale-anna-danesi-al-fianco-de-la-settimana-di-federica\/\"]}]},{\"@type\":\"ImageObject\",\"inLanguage\":\"it-IT\",\"@id\":\"https:\/\/www.fipavpugliamagazine.it\/2020\/2025\/11\/24\/24-11-2025-fipavpuglia-il-capitano-della-nazionale-anna-danesi-al-fianco-de-la-settimana-di-federica\/#primaryimage\",\"url\":\"https:\/\/www.fipavpugliamagazine.it\/2020\/wp-content\/uploads\/2025\/11\/vlcsnap-2025-11-23-07h59m45s4.png\",\"contentUrl\":\"https:\/\/www.fipavpugliamagazine.it\/2020\/wp-content\/uploads\/2025\/11\/vlcsnap-2025-11-23-07h59m45s4.png\",\"width\":1920,\"height\":1080},{\"@type\":\"BreadcrumbList\",\"@id\":\"https:\/\/www.fipavpugliamagazine.it\/2020\/2025\/11\/24\/24-11-2025-fipavpuglia-il-capitano-della-nazionale-anna-danesi-al-fianco-de-la-settimana-di-federica\/#breadcrumb\",\"itemListElement\":[{\"@type\":\"ListItem\",\"position\":1,\"name\":\"Home\",\"item\":\"https:\/\/www.fipavpugliamagazine.it\/2020\/\"},{\"@type\":\"ListItem\",\"position\":2,\"name\":\"24-11-2025: #fipavpuglia &#8211; Il capitano della Nazionale Anna Danesi al fianco de \u201cLa Settimana di Federica\u201d\"}]},{\"@type\":\"WebSite\",\"@id\":\"https:\/\/www.fipavpugliamagazine.it\/2020\/#website\",\"url\":\"https:\/\/www.fipavpugliamagazine.it\/2020\/\",\"name\":\"Fipav Puglia Magazine\",\"description\":\"Comunicazione CR FIPAV Puglia\",\"publisher\":{\"@id\":\"https:\/\/www.fipavpugliamagazine.it\/2020\/#organization\"},\"potentialAction\":[{\"@type\":\"SearchAction\",\"target\":{\"@type\":\"EntryPoint\",\"urlTemplate\":\"https:\/\/www.fipavpugliamagazine.it\/2020\/?s={search_term_string}\"},\"query-input\":{\"@type\":\"PropertyValueSpecification\",\"valueRequired\":true,\"valueName\":\"search_term_string\"}}],\"inLanguage\":\"it-IT\"},{\"@type\":\"Organization\",\"@id\":\"https:\/\/www.fipavpugliamagazine.it\/2020\/#organization\",\"name\":\"Fipav Puglia Magazine\",\"url\":\"https:\/\/www.fipavpugliamagazine.it\/2020\/\",\"logo\":{\"@type\":\"ImageObject\",\"inLanguage\":\"it-IT\",\"@id\":\"https:\/\/www.fipavpugliamagazine.it\/2020\/#\/schema\/logo\/image\/\",\"url\":\"https:\/\/www.fipavpugliamagazine.it\/2020\/wp-content\/uploads\/2025\/12\/LogoneFipavPuglia-scaled.png\",\"contentUrl\":\"https:\/\/www.fipavpugliamagazine.it\/2020\/wp-content\/uploads\/2025\/12\/LogoneFipavPuglia-scaled.png\",\"width\":2560,\"height\":2512,\"caption\":\"Fipav Puglia Magazine\"},\"image\":{\"@id\":\"https:\/\/www.fipavpugliamagazine.it\/2020\/#\/schema\/logo\/image\/\"},\"sameAs\":[\"http:\/\/www.facebook.com\/fipavpuglia\"]},{\"@type\":\"Person\",\"@id\":\"https:\/\/www.fipavpugliamagazine.it\/2020\/#\/schema\/person\/3c77c3bc0e1b52b050936902c36fdc7e\",\"name\":\"Fabrizio D'Alessandro\",\"image\":{\"@type\":\"ImageObject\",\"inLanguage\":\"it-IT\",\"@id\":\"https:\/\/www.fipavpugliamagazine.it\/2020\/#\/schema\/person\/image\/\",\"url\":\"https:\/\/secure.gravatar.com\/avatar\/b453c1e4fc54a13ec0d84b7dae2526113f311e2f22032eb2d267463ccd70d46f?s=96&d=mm&r=g\",\"contentUrl\":\"https:\/\/secure.gravatar.com\/avatar\/b453c1e4fc54a13ec0d84b7dae2526113f311e2f22032eb2d267463ccd70d46f?s=96&d=mm&r=g\",\"caption\":\"Fabrizio D'Alessandro\"},\"description\":\"Responsabile comunicazione CR FIPAV Puglia\",\"url\":\"https:\/\/www.fipavpugliamagazine.it\/2020\/author\/fabridal\/\"}]}<\/script>\n<!-- \/ Yoast SEO plugin. -->","yoast_head_json":{"title":"24-11-2025: #fipavpuglia - Il capitano della Nazionale Anna Danesi al fianco de \u201cLa Settimana di Federica\u201d - Fipav Puglia Magazine","robots":{"index":"index","follow":"follow","max-snippet":"max-snippet:-1","max-image-preview":"max-image-preview:large","max-video-preview":"max-video-preview:-1"},"canonical":"https:\/\/www.fipavpugliamagazine.it\/2020\/2025\/11\/24\/24-11-2025-fipavpuglia-il-capitano-della-nazionale-anna-danesi-al-fianco-de-la-settimana-di-federica\/","og_locale":"it_IT","og_type":"article","og_title":"24-11-2025: #fipavpuglia - Il capitano della Nazionale Anna Danesi al fianco de \u201cLa Settimana di Federica\u201d - Fipav Puglia Magazine","og_description":"Il Comitato Regionale FIPAV Puglia apre ufficialmente La Settimana di Federica 2025 con il videomessaggio di Anna Danesi, capitano della Nazionale Italiana femminile Campione del Mondo 2025 e vice capitano della Numia Vero Volley Milano.Un contributo di grande valore che inaugura una settimana dedicata alla memoria di Federica De Luca, vittima di femminicidio per mano [&hellip;]","og_url":"https:\/\/www.fipavpugliamagazine.it\/2020\/2025\/11\/24\/24-11-2025-fipavpuglia-il-capitano-della-nazionale-anna-danesi-al-fianco-de-la-settimana-di-federica\/","og_site_name":"Fipav Puglia Magazine","article_publisher":"http:\/\/www.facebook.com\/fipavpuglia","article_published_time":"2025-11-24T08:13:24+00:00","article_modified_time":"2025-11-24T08:13:29+00:00","og_image":[{"width":1024,"height":576,"url":"https:\/\/www.fipavpugliamagazine.it\/2020\/wp-content\/uploads\/2025\/11\/vlcsnap-2025-11-23-07h59m45s4-1024x576.png","type":"image\/png"}],"author":"Fabrizio D'Alessandro","twitter_card":"summary_large_image","twitter_misc":{"Scritto da":"Fabrizio D'Alessandro","Tempo di lettura stimato":"2 minuti"},"schema":{"@context":"https:\/\/schema.org","@graph":[{"@type":"Article","@id":"https:\/\/www.fipavpugliamagazine.it\/2020\/2025\/11\/24\/24-11-2025-fipavpuglia-il-capitano-della-nazionale-anna-danesi-al-fianco-de-la-settimana-di-federica\/#article","isPartOf":{"@id":"https:\/\/www.fipavpugliamagazine.it\/2020\/2025\/11\/24\/24-11-2025-fipavpuglia-il-capitano-della-nazionale-anna-danesi-al-fianco-de-la-settimana-di-federica\/"},"author":{"name":"Fabrizio D'Alessandro","@id":"https:\/\/www.fipavpugliamagazine.it\/2020\/#\/schema\/person\/3c77c3bc0e1b52b050936902c36fdc7e"},"headline":"24-11-2025: #fipavpuglia &#8211; Il capitano della Nazionale Anna Danesi al fianco de \u201cLa Settimana di Federica\u201d","datePublished":"2025-11-24T08:13:24+00:00","dateModified":"2025-11-24T08:13:29+00:00","mainEntityOfPage":{"@id":"https:\/\/www.fipavpugliamagazine.it\/2020\/2025\/11\/24\/24-11-2025-fipavpuglia-il-capitano-della-nazionale-anna-danesi-al-fianco-de-la-settimana-di-federica\/"},"wordCount":395,"publisher":{"@id":"https:\/\/www.fipavpugliamagazine.it\/2020\/#organization"},"image":{"@id":"https:\/\/www.fipavpugliamagazine.it\/2020\/2025\/11\/24\/24-11-2025-fipavpuglia-il-capitano-della-nazionale-anna-danesi-al-fianco-de-la-settimana-di-federica\/#primaryimage"},"thumbnailUrl":"https:\/\/www.fipavpugliamagazine.it\/2020\/wp-content\/uploads\/2025\/11\/vlcsnap-2025-11-23-07h59m45s4.png","keywords":["fipavpuglia","flash","ilvolleyperfedericaeandrea","top"],"articleSection":["News Fipav Puglia 2025-2026"],"inLanguage":"it-IT"},{"@type":"WebPage","@id":"https:\/\/www.fipavpugliamagazine.it\/2020\/2025\/11\/24\/24-11-2025-fipavpuglia-il-capitano-della-nazionale-anna-danesi-al-fianco-de-la-settimana-di-federica\/","url":"https:\/\/www.fipavpugliamagazine.it\/2020\/2025\/11\/24\/24-11-2025-fipavpuglia-il-capitano-della-nazionale-anna-danesi-al-fianco-de-la-settimana-di-federica\/","name":"24-11-2025: #fipavpuglia - Il capitano della Nazionale Anna Danesi al fianco de \u201cLa Settimana di Federica\u201d - Fipav Puglia Magazine","isPartOf":{"@id":"https:\/\/www.fipavpugliamagazine.it\/2020\/#website"},"primaryImageOfPage":{"@id":"https:\/\/www.fipavpugliamagazine.it\/2020\/2025\/11\/24\/24-11-2025-fipavpuglia-il-capitano-della-nazionale-anna-danesi-al-fianco-de-la-settimana-di-federica\/#primaryimage"},"image":{"@id":"https:\/\/www.fipavpugliamagazine.it\/2020\/2025\/11\/24\/24-11-2025-fipavpuglia-il-capitano-della-nazionale-anna-danesi-al-fianco-de-la-settimana-di-federica\/#primaryimage"},"thumbnailUrl":"https:\/\/www.fipavpugliamagazine.it\/2020\/wp-content\/uploads\/2025\/11\/vlcsnap-2025-11-23-07h59m45s4.png","datePublished":"2025-11-24T08:13:24+00:00","dateModified":"2025-11-24T08:13:29+00:00","breadcrumb":{"@id":"https:\/\/www.fipavpugliamagazine.it\/2020\/2025\/11\/24\/24-11-2025-fipavpuglia-il-capitano-della-nazionale-anna-danesi-al-fianco-de-la-settimana-di-federica\/#breadcrumb"},"inLanguage":"it-IT","potentialAction":[{"@type":"ReadAction","target":["https:\/\/www.fipavpugliamagazine.it\/2020\/2025\/11\/24\/24-11-2025-fipavpuglia-il-capitano-della-nazionale-anna-danesi-al-fianco-de-la-settimana-di-federica\/"]}]},{"@type":"ImageObject","inLanguage":"it-IT","@id":"https:\/\/www.fipavpugliamagazine.it\/2020\/2025\/11\/24\/24-11-2025-fipavpuglia-il-capitano-della-nazionale-anna-danesi-al-fianco-de-la-settimana-di-federica\/#primaryimage","url":"https:\/\/www.fipavpugliamagazine.it\/2020\/wp-content\/uploads\/2025\/11\/vlcsnap-2025-11-23-07h59m45s4.png","contentUrl":"https:\/\/www.fipavpugliamagazine.it\/2020\/wp-content\/uploads\/2025\/11\/vlcsnap-2025-11-23-07h59m45s4.png","width":1920,"height":1080},{"@type":"BreadcrumbList","@id":"https:\/\/www.fipavpugliamagazine.it\/2020\/2025\/11\/24\/24-11-2025-fipavpuglia-il-capitano-della-nazionale-anna-danesi-al-fianco-de-la-settimana-di-federica\/#breadcrumb","itemListElement":[{"@type":"ListItem","position":1,"name":"Home","item":"https:\/\/www.fipavpugliamagazine.it\/2020\/"},{"@type":"ListItem","position":2,"name":"24-11-2025: #fipavpuglia &#8211; Il capitano della Nazionale Anna Danesi al fianco de \u201cLa Settimana di Federica\u201d"}]},{"@type":"WebSite","@id":"https:\/\/www.fipavpugliamagazine.it\/2020\/#website","url":"https:\/\/www.fipavpugliamagazine.it\/2020\/","name":"Fipav Puglia Magazine","description":"Comunicazione CR FIPAV Puglia","publisher":{"@id":"https:\/\/www.fipavpugliamagazine.it\/2020\/#organization"},"potentialAction":[{"@type":"SearchAction","target":{"@type":"EntryPoint","urlTemplate":"https:\/\/www.fipavpugliamagazine.it\/2020\/?s={search_term_string}"},"query-input":{"@type":"PropertyValueSpecification","valueRequired":true,"valueName":"search_term_string"}}],"inLanguage":"it-IT"},{"@type":"Organization","@id":"https:\/\/www.fipavpugliamagazine.it\/2020\/#organization","name":"Fipav Puglia Magazine","url":"https:\/\/www.fipavpugliamagazine.it\/2020\/","logo":{"@type":"ImageObject","inLanguage":"it-IT","@id":"https:\/\/www.fipavpugliamagazine.it\/2020\/#\/schema\/logo\/image\/","url":"https:\/\/www.fipavpugliamagazine.it\/2020\/wp-content\/uploads\/2025\/12\/LogoneFipavPuglia-scaled.png","contentUrl":"https:\/\/www.fipavpugliamagazine.it\/2020\/wp-content\/uploads\/2025\/12\/LogoneFipavPuglia-scaled.png","width":2560,"height":2512,"caption":"Fipav Puglia Magazine"},"image":{"@id":"https:\/\/www.fipavpugliamagazine.it\/2020\/#\/schema\/logo\/image\/"},"sameAs":["http:\/\/www.facebook.com\/fipavpuglia"]},{"@type":"Person","@id":"https:\/\/www.fipavpugliamagazine.it\/2020\/#\/schema\/person\/3c77c3bc0e1b52b050936902c36fdc7e","name":"Fabrizio D'Alessandro","image":{"@type":"ImageObject","inLanguage":"it-IT","@id":"https:\/\/www.fipavpugliamagazine.it\/2020\/#\/schema\/person\/image\/","url":"https:\/\/secure.gravatar.com\/avatar\/b453c1e4fc54a13ec0d84b7dae2526113f311e2f22032eb2d267463ccd70d46f?s=96&d=mm&r=g","contentUrl":"https:\/\/secure.gravatar.com\/avatar\/b453c1e4fc54a13ec0d84b7dae2526113f311e2f22032eb2d267463ccd70d46f?s=96&d=mm&r=g","caption":"Fabrizio D'Alessandro"},"description":"Responsabile comunicazione CR FIPAV Puglia","url":"https:\/\/www.fipavpugliamagazine.it\/2020\/author\/fabridal\/"}]}},"_links":{"self":[{"href":"https:\/\/www.fipavpugliamagazine.it\/2020\/wp-json\/wp\/v2\/posts\/6120","targetHints":{"allow":["GET"]}}],"collection":[{"href":"https:\/\/www.fipavpugliamagazine.it\/2020\/wp-json\/wp\/v2\/posts"}],"about":[{"href":"https:\/\/www.fipavpugliamagazine.it\/2020\/wp-json\/wp\/v2\/types\/post"}],"author":[{"embeddable":true,"href":"https:\/\/www.fipavpugliamagazine.it\/2020\/wp-json\/wp\/v2\/users\/1"}],"replies":[{"embeddable":true,"href":"https:\/\/www.fipavpugliamagazine.it\/2020\/wp-json\/wp\/v2\/comments?post=6120"}],"version-history":[{"count":1,"href":"https:\/\/www.fipavpugliamagazine.it\/2020\/wp-json\/wp\/v2\/posts\/6120\/revisions"}],"predecessor-version":[{"id":6122,"href":"https:\/\/www.fipavpugliamagazine.it\/2020\/wp-json\/wp\/v2\/posts\/6120\/revisions\/6122"}],"wp:featuredmedia":[{"embeddable":true,"href":"https:\/\/www.fipavpugliamagazine.it\/2020\/wp-json\/wp\/v2\/media\/6121"}],"wp:attachment":[{"href":"https:\/\/www.fipavpugliamagazine.it\/2020\/wp-json\/wp\/v2\/media?parent=6120"}],"wp:term":[{"taxonomy":"category","embeddable":true,"href":"https:\/\/www.fipavpugliamagazine.it\/2020\/wp-json\/wp\/v2\/categories?post=6120"},{"taxonomy":"post_tag","embeddable":true,"href":"https:\/\/www.fipavpugliamagazine.it\/2020\/wp-json\/wp\/v2\/tags?post=6120"}],"curies":[{"name":"wp","href":"https:\/\/api.w.org\/{rel}","templated":true}]}}