{"id":5202,"date":"2024-11-27T13:09:47","date_gmt":"2024-11-27T13:09:47","guid":{"rendered":"https:\/\/www.fipavpugliamagazine.it\/2020\/?p=5202"},"modified":"2024-11-27T14:25:32","modified_gmt":"2024-11-27T14:25:32","slug":"27-11-2024-fipavpuglia-a-barbara-manzoni-il-premio-federica-de-luca-2024","status":"publish","type":"post","link":"https:\/\/www.fipavpugliamagazine.it\/2020\/2024\/11\/27\/27-11-2024-fipavpuglia-a-barbara-manzoni-il-premio-federica-de-luca-2024\/","title":{"rendered":"27-11-2024: #fipavpuglia &#8211; A Barbara Manzoni il Premio &#8220;Federica De Luca&#8221; 2024"},"content":{"rendered":"\n<p>Si \u00e8 tenuto a Lecce, presso il Convitto Palmieri, l&#8217;incontro &#8220;Abbiamo una sola vita. L\u2019arte di essere libere&#8221;, organizzato dal CR FIPAV Puglia nell&#8217;ambito della Settimana di Federica, in collaborazione con l\u2019associazione universitaria UdU Lecce. Nel ricordo di Federica De Luca, vittima di femminicidio nel 2016, scomparsa insieme al suo piccolo Andrea, il CR FIPAV Puglia alza il volume per una settimana su una tematica tristemente attuale, quella della violenza sulla donna. Presenti nel corso della serata la Consigliera Nazionale FIPAV <strong>Letizia Genovese<\/strong>, il Presidente del CR FIPAV Puglia <strong>Paolo Indiveri<\/strong>, la referente politiche sociali del CR FIPAV Puglia <strong>Marilena Petronelli<\/strong>, la responsabile settore Ufficiali di Gara FIPAV Puglia <strong>Denise Bianchi<\/strong>, i genitori di Federica De Luca,<strong> Enzo De Luca e Rita Lanzon<\/strong>, <strong>Beatrice Stasi<\/strong> e <strong>Rocco Luigi Nichil<\/strong>, docenti dell&#8217;UniSalento. Tra gli ospiti anche il Presidente del CT FIPAV Milano-Monza-Lecco <strong>Massimo Sala<\/strong>.<\/p>\n\n\n\n<p>Il servizio video -> <a href=\"https:\/\/youtu.be\/BUKLPIr5rr8\">https:\/\/youtu.be\/BUKLPIr5rr8<\/a><\/p>\n\n\n\n<p>Tra le diverse iniziative anche quella dell&#8217;assegnazione del Premio &#8220;Federica De Luca&#8221;, assegnato dalla Federazione Italiana Pallavolo, riserato all\u2019ufficiale di gara donna di categoria nazionale che si \u00e8 particolarmente distinto per l\u2019impegno e la passione a livello dirigenziale periferico durante il corso della stagione, che quest&#8217;anno \u00e8 stato assegnato a <strong>Barbara Manzoni<\/strong>, Ufficiale di Gara di Ruolo A, membro della Commissione Designante del CT Milano-Monza-Lecco. Barbara Manzoni, nata a Lecco nel 1989, ha intrapreso la carriera arbitrale all&#8217;et\u00e0 di 17 anni, dalla stagione 22\/23 \u00e8 Ufficiale di Gara di Ruolo A, ha cos\u00ec commentato la serata vissuta a Lecce nell&#8217;ambito della &#8220;Settimana di Federica&#8221;: &#8220;Arbitro da quando ho 17 anni, met\u00e0 vita l&#8217;ho passata sul seggiolone, mi occupo anche di due progetti a livello territoriale in cui seguo la crescita soprattutto degli arbitri pi\u00f9 giovani, a cui cerco di trasmettere la mia passione avendo iniziato anch&#8217;io in giovane et\u00e0 come loro. A comunicarmi l&#8217;assegnazione di questo premio \u00e8 stato Luigi Roccatto, Il Responsabile del Settore Arbitrale, telefonata che mi ha resa molto felice. Non mi aspettavo minimamente di poter essere scelta io tra tutte le colleghe d&#8217;Italia. Ne sono stata subito onorata e ho accettato immediatamente la proposta di venire in Puglia per rappresentare tutto il movimento a livello territoriale e regionale che sta dietro comunque la figura di noi arbitri. Noi arbitri ci sentiamo molto coinvolti nel corso di questa settimana ed \u00e8 davvero un onore essere qui a rappresentare una categoria che quotidianamente dedica tanto tempo in questo percorso. Mi sento di dire che la pallavolo, e soprattutto l&#8217;arbitraggio, \u00e8 un momento di unione, \u00e8 un momento di uguaglianza tra tutti, essendo spesso abituati a vedere il contrario. Sarebbe bello vedere un p\u00f2 pi\u00f9 di pallavolo nella vita quotidiana&#8221;. <br>A consegnare il Premio \u00e8 stata la Consigliera Nazionale FIPAV <strong>Letizia Genovese<\/strong>, come ogni anno presente per l&#8217;occasione, che ha voluto evidenziare l&#8217;importanza di queste iniziative e l&#8217;impegno della FIPAV su diverse tematiche nel corso di questo quadriennio: &#8220;Sono felice di essere qui per il quarto anno consecutivo, \u00e8 una promessa che avevo fatto a me stessa, ai genitori di Federica, perch\u00e9 dopo aver ascoltato la vicenda, aver vissuto indirettamente, tramite le parole di Rita, della mamma di Federica, ho pensato che fosse importante garantire la presenza della FIPAV nazionale.<br>Il Presidente e tutto il Consiglio Federale sono molto attenti a quelle che sono le politiche sociali, perch\u00e9 se \u00e8 vero che il core business di una Federazione \u00e8 quello di organizzare i campionati e di vincere le medaglie, in un contesto sociale come quello che viviamo non si pu\u00f2 fare a meno di allargare i propri spazi, allargare la propria mission e coinvolgere quante pi\u00f9 persone possibile su varie tematiche. Questa \u00e8 una settimana molto particolare, una settimana dedicata a quella che ormai \u00e8 diventata una piaga sociale. Per la FIPAV \u00e8 importante essere presenti, soprattutto perch\u00e9 Federica era un arbitro, ma prima di essere arbitro era una splendida ragazza, era una mamma.<br>In questo quadriennio di lavoro sono state fatte molte cose, \u00e8 stata tracciata la strada per poter proseguire a fare tante cose. L&#8217;interesse che abbiamo cercato di suscitare tra tutti i tesserati fa riferimento a tematiche come gli abusi sui minori, ora obbligatorie da una legge dello Stato sul Safeguarding, noi avevamo gi\u00e0 anticipato questo monitoraggio, questa sensibilizzazione e questa divulgazione.<br>Non dimentichiamo tutto il programma che riguarda &#8220;la maternit\u00e0 \u00e8 di tutti&#8221; che \u00e8 un sostegno economico e psicologico per le mamme atlete per garantire soprattutto un rientro nei meccanismi dello sport che permetta di riprendere anche a giocare. Abbiamo inoltre stipulato delle convenzioni con la Fondazione Veronesi, con Save the Children e stiamo valutando altre opportunit\u00e0 che chiaramente ci vengono richieste dopo il successo olimpico che ha creato anche all&#8217;esterno tanto entusiasmo, opportunit\u00e0 che dobbiamo sfruttare creando nuove offerte legate alle necessit\u00e0 del sociale&#8221;.<br>Sempre presenti anche i genitori di Federica De Luca, <strong>Enzo De Luca<\/strong> e Rita Lanzon, il loro impegno nella sensibilizzazione a questa tematica \u00e8 come sempre portato avanti con forza e grande volont\u00e0, nel racconto di una tragedia diventata messaggio che possa evitare il ripetersi di avvenimenti del genere. Al loro fianco, dall&#8217;inizio, la FIPAV, grande passione di Federica e di pap\u00e0 Enzo: &#8220;La pallavolo oltre \u00e8 stata per Federica la sua vita, come lo \u00e8 sempre stato per me e continua ad esserlo. Continuo ad allenare, le mie piccine mi danno la forza per andare avanti. Devo ringraziare la Federazione che da sempre ci \u00e8 a fianco. Lo sport \u00e8 sicuramente un importante veicolo per far arrivare un messaggio a tanti ragazzi e ragazze di fasce d&#8217;et\u00e0 molto delicate, soprattutto perch\u00e8 hanno vissuto a pieno lo stop legato alla pandemia. Non \u00e8 facile che che bambini e bambine si aprano, raccontino i loro problemi. Bisogna lavorare anche nelle societ\u00e0 in modo che si possa evidenziare magari qualche problema&#8221;.<\/p>\n\n\n\n<p>Sar\u00e0 inoltre presentato domani il nuovo progetto del CR FIPAV Puglia <strong>&#8220;Volley \u00e8 casa&#8221;<\/strong>, in collaborazione con i Comuni del Sud Est barese che hanno ospitato le recenti Finali Nazionali Giovanili U18. La conferenza, in programma domani presso il Comune di Castellana Grotte, dar\u00e0 il via al progetto che prevede un supporto alle societ\u00e0 che ospiteranno minori che hanno vissuto in famiglia situazioni di violenza cos\u00ec come annunciato dal Presidente del CR FIPAV Puglia <strong>Paolo Indiveri<\/strong> al termine dell&#8217;incontro tenutosi a Lecce: &#8220;Stiamo vivendo una settimana importante per la Palavolo pugliese e non solo direi. Noi come Federazione da sempre siamo vicini a certi temi sociali e la violenza sulle donne \u00e8 sicuramente forse uno dei temi che abbiamo affrontato da subito, dandogli grossa importanza perch\u00e9, a parte che comunque il 70% dei tesserati FIPAV \u00e8 di sesso femminile, ma perch\u00e9 comunque riteniamo che lo sport possa dare tanto, su certi temi ancora di pi\u00f9, e noi non ci tiriamo indietro su questo.<br>Dal primo istante siamo stati al fianco dei genitori di Federica perch\u00e9 per noi Federica era una donna, una mamma ma soprattutto era una di noi, una della nostra Federazione, dava un contributo importante al Comitato Territoriale di Tarranto all&#8217;epoca, era un arbitro nazionale.<br>Siamo stati vicini, abbiamo subito pensato ad un&#8217;intera settimana dedicata a lei, perch\u00e9 riteniamo che in una settimana si possa veramente raccogliere e dare testimonianze importanti ai pi\u00f9 grandi ma soprattutto ai pi\u00f9 piccoli, sar\u00e0 una goccia in un oceano, ma \u00e8 comunque una goccia che facciamo scorrere e dobbiamo intervenire soprattutto sull&#8217;educazione dei nostri bambini e bambine.<br>Quest&#8217;anno le nostre rappresentative regionali con il club Puglia maschile e femminile che disponono il campionto di Serie D, fuori classifica, hanno sulla maglia come main sponsor un brand importante coniato dalla regione proprio contro la violenza sulle donne: &#8220;Allenati contro la violenza&#8221;, domani inoltre andremo a firmare un protocollo con le amministrazioni del Sud barese, che coinvolge le societ\u00e0 del posto, con il quale la Federazione regionale permetter\u00e0 ai bambini delle donne colpite da violenza, di poter fare attivit\u00e0 sportiva in maniera gratuita. Penso che lo sport in questo ambito pu\u00f2 dare veramente tanto&#8221;.<\/p>\n\n\n\n<p><strong>PREMIO \u201cFEDERICA DE LUCA\u201d<br><\/strong>2018: Chiara Santangelo (Sicilia)<br>2019: Rachela Prister\u00e0 (Piemonte)<br>2020: Alessandra Di Virgilio (Abruzzo)<br>2021: Giuseppina Stellato (Campania)<br>2022: Denise Bianchi (Puglia)<br>2023: Livia Azzolina (Lazio)<br>2024: Barbara Manzoni (Lombardia)<\/p>\n\n\n\n<p><\/p>\n","protected":false},"excerpt":{"rendered":"<p>Si \u00e8 tenuto a Lecce, presso il Convitto Palmieri, l&#8217;incontro &#8220;Abbiamo una sola vita. L\u2019arte di essere libere&#8221;, organizzato dal CR FIPAV Puglia nell&#8217;ambito della Settimana di Federica, in collaborazione con l\u2019associazione universitaria UdU Lecce. Nel ricordo di Federica De Luca, vittima di femminicidio nel 2016, scomparsa insieme al suo piccolo Andrea, il CR FIPAV [&hellip;]<\/p>\n","protected":false},"author":1,"featured_media":5203,"comment_status":"closed","ping_status":"open","sticky":false,"template":"","format":"standard","meta":{"_monsterinsights_skip_tracking":false,"_monsterinsights_sitenote_active":false,"_monsterinsights_sitenote_note":"","_monsterinsights_sitenote_category":0,"tdm_status":"","tdm_grid_status":"","footnotes":""},"categories":[517],"tags":[19,16,59,15],"class_list":{"0":"post-5202","1":"post","2":"type-post","3":"status-publish","4":"format-standard","5":"has-post-thumbnail","7":"category-la-settimana-di-federica-24-25","8":"tag-fipavpuglia","9":"tag-flash","10":"tag-ilvolleyperfedericaeandrea","11":"tag-top"},"yoast_head":"<!-- This site is optimized with the Yoast SEO plugin v26.6 - https:\/\/yoast.com\/wordpress\/plugins\/seo\/ -->\n<title>27-11-2024: #fipavpuglia - A Barbara Manzoni il Premio &quot;Federica De Luca&quot; 2024 - Fipav Puglia Magazine<\/title>\n<meta name=\"robots\" content=\"index, follow, max-snippet:-1, max-image-preview:large, max-video-preview:-1\" \/>\n<link rel=\"canonical\" href=\"https:\/\/www.fipavpugliamagazine.it\/2020\/2024\/11\/27\/27-11-2024-fipavpuglia-a-barbara-manzoni-il-premio-federica-de-luca-2024\/\" \/>\n<meta property=\"og:locale\" content=\"it_IT\" \/>\n<meta property=\"og:type\" content=\"article\" \/>\n<meta property=\"og:title\" content=\"27-11-2024: #fipavpuglia - A Barbara Manzoni il Premio &quot;Federica De Luca&quot; 2024 - Fipav Puglia Magazine\" \/>\n<meta property=\"og:description\" content=\"Si \u00e8 tenuto a Lecce, presso il Convitto Palmieri, l&#8217;incontro &#8220;Abbiamo una sola vita. L\u2019arte di essere libere&#8221;, organizzato dal CR FIPAV Puglia nell&#8217;ambito della Settimana di Federica, in collaborazione con l\u2019associazione universitaria UdU Lecce. Nel ricordo di Federica De Luca, vittima di femminicidio nel 2016, scomparsa insieme al suo piccolo Andrea, il CR FIPAV [&hellip;]\" \/>\n<meta property=\"og:url\" content=\"https:\/\/www.fipavpugliamagazine.it\/2020\/2024\/11\/27\/27-11-2024-fipavpuglia-a-barbara-manzoni-il-premio-federica-de-luca-2024\/\" \/>\n<meta property=\"og:site_name\" content=\"Fipav Puglia Magazine\" \/>\n<meta property=\"article:publisher\" content=\"http:\/\/www.facebook.com\/fipavpuglia\" \/>\n<meta property=\"article:published_time\" content=\"2024-11-27T13:09:47+00:00\" \/>\n<meta property=\"article:modified_time\" content=\"2024-11-27T14:25:32+00:00\" \/>\n<meta property=\"og:image\" content=\"https:\/\/www.fipavpugliamagazine.it\/2020\/wp-content\/uploads\/2024\/11\/2024-11-27_PremioFedericaDeLuca_BarbaraManzoni-scaled.jpg\" \/>\n\t<meta property=\"og:image:width\" content=\"2560\" \/>\n\t<meta property=\"og:image:height\" content=\"1438\" \/>\n\t<meta property=\"og:image:type\" content=\"image\/jpeg\" \/>\n<meta name=\"author\" content=\"Fabrizio D&#039;Alessandro\" \/>\n<meta name=\"twitter:card\" content=\"summary_large_image\" \/>\n<meta name=\"twitter:label1\" content=\"Scritto da\" \/>\n\t<meta name=\"twitter:data1\" content=\"Fabrizio D&#039;Alessandro\" \/>\n\t<meta name=\"twitter:label2\" content=\"Tempo di lettura stimato\" \/>\n\t<meta name=\"twitter:data2\" content=\"7 minuti\" \/>\n<script type=\"application\/ld+json\" class=\"yoast-schema-graph\">{\"@context\":\"https:\/\/schema.org\",\"@graph\":[{\"@type\":\"Article\",\"@id\":\"https:\/\/www.fipavpugliamagazine.it\/2020\/2024\/11\/27\/27-11-2024-fipavpuglia-a-barbara-manzoni-il-premio-federica-de-luca-2024\/#article\",\"isPartOf\":{\"@id\":\"https:\/\/www.fipavpugliamagazine.it\/2020\/2024\/11\/27\/27-11-2024-fipavpuglia-a-barbara-manzoni-il-premio-federica-de-luca-2024\/\"},\"author\":{\"name\":\"Fabrizio D'Alessandro\",\"@id\":\"https:\/\/www.fipavpugliamagazine.it\/2020\/#\/schema\/person\/3c77c3bc0e1b52b050936902c36fdc7e\"},\"headline\":\"27-11-2024: #fipavpuglia &#8211; A Barbara Manzoni il Premio &#8220;Federica De Luca&#8221; 2024\",\"datePublished\":\"2024-11-27T13:09:47+00:00\",\"dateModified\":\"2024-11-27T14:25:32+00:00\",\"mainEntityOfPage\":{\"@id\":\"https:\/\/www.fipavpugliamagazine.it\/2020\/2024\/11\/27\/27-11-2024-fipavpuglia-a-barbara-manzoni-il-premio-federica-de-luca-2024\/\"},\"wordCount\":1354,\"publisher\":{\"@id\":\"https:\/\/www.fipavpugliamagazine.it\/2020\/#organization\"},\"image\":{\"@id\":\"https:\/\/www.fipavpugliamagazine.it\/2020\/2024\/11\/27\/27-11-2024-fipavpuglia-a-barbara-manzoni-il-premio-federica-de-luca-2024\/#primaryimage\"},\"thumbnailUrl\":\"https:\/\/www.fipavpugliamagazine.it\/2020\/wp-content\/uploads\/2024\/11\/2024-11-27_PremioFedericaDeLuca_BarbaraManzoni-scaled.jpg\",\"keywords\":[\"fipavpuglia\",\"flash\",\"ilvolleyperfedericaeandrea\",\"top\"],\"articleSection\":[\"La Settimana di Federica 24-25\"],\"inLanguage\":\"it-IT\"},{\"@type\":\"WebPage\",\"@id\":\"https:\/\/www.fipavpugliamagazine.it\/2020\/2024\/11\/27\/27-11-2024-fipavpuglia-a-barbara-manzoni-il-premio-federica-de-luca-2024\/\",\"url\":\"https:\/\/www.fipavpugliamagazine.it\/2020\/2024\/11\/27\/27-11-2024-fipavpuglia-a-barbara-manzoni-il-premio-federica-de-luca-2024\/\",\"name\":\"27-11-2024: #fipavpuglia - A Barbara Manzoni il Premio \\\"Federica De Luca\\\" 2024 - Fipav Puglia Magazine\",\"isPartOf\":{\"@id\":\"https:\/\/www.fipavpugliamagazine.it\/2020\/#website\"},\"primaryImageOfPage\":{\"@id\":\"https:\/\/www.fipavpugliamagazine.it\/2020\/2024\/11\/27\/27-11-2024-fipavpuglia-a-barbara-manzoni-il-premio-federica-de-luca-2024\/#primaryimage\"},\"image\":{\"@id\":\"https:\/\/www.fipavpugliamagazine.it\/2020\/2024\/11\/27\/27-11-2024-fipavpuglia-a-barbara-manzoni-il-premio-federica-de-luca-2024\/#primaryimage\"},\"thumbnailUrl\":\"https:\/\/www.fipavpugliamagazine.it\/2020\/wp-content\/uploads\/2024\/11\/2024-11-27_PremioFedericaDeLuca_BarbaraManzoni-scaled.jpg\",\"datePublished\":\"2024-11-27T13:09:47+00:00\",\"dateModified\":\"2024-11-27T14:25:32+00:00\",\"breadcrumb\":{\"@id\":\"https:\/\/www.fipavpugliamagazine.it\/2020\/2024\/11\/27\/27-11-2024-fipavpuglia-a-barbara-manzoni-il-premio-federica-de-luca-2024\/#breadcrumb\"},\"inLanguage\":\"it-IT\",\"potentialAction\":[{\"@type\":\"ReadAction\",\"target\":[\"https:\/\/www.fipavpugliamagazine.it\/2020\/2024\/11\/27\/27-11-2024-fipavpuglia-a-barbara-manzoni-il-premio-federica-de-luca-2024\/\"]}]},{\"@type\":\"ImageObject\",\"inLanguage\":\"it-IT\",\"@id\":\"https:\/\/www.fipavpugliamagazine.it\/2020\/2024\/11\/27\/27-11-2024-fipavpuglia-a-barbara-manzoni-il-premio-federica-de-luca-2024\/#primaryimage\",\"url\":\"https:\/\/www.fipavpugliamagazine.it\/2020\/wp-content\/uploads\/2024\/11\/2024-11-27_PremioFedericaDeLuca_BarbaraManzoni-scaled.jpg\",\"contentUrl\":\"https:\/\/www.fipavpugliamagazine.it\/2020\/wp-content\/uploads\/2024\/11\/2024-11-27_PremioFedericaDeLuca_BarbaraManzoni-scaled.jpg\",\"width\":2560,\"height\":1438},{\"@type\":\"BreadcrumbList\",\"@id\":\"https:\/\/www.fipavpugliamagazine.it\/2020\/2024\/11\/27\/27-11-2024-fipavpuglia-a-barbara-manzoni-il-premio-federica-de-luca-2024\/#breadcrumb\",\"itemListElement\":[{\"@type\":\"ListItem\",\"position\":1,\"name\":\"Home\",\"item\":\"https:\/\/www.fipavpugliamagazine.it\/2020\/\"},{\"@type\":\"ListItem\",\"position\":2,\"name\":\"27-11-2024: #fipavpuglia &#8211; A Barbara Manzoni il Premio &#8220;Federica De Luca&#8221; 2024\"}]},{\"@type\":\"WebSite\",\"@id\":\"https:\/\/www.fipavpugliamagazine.it\/2020\/#website\",\"url\":\"https:\/\/www.fipavpugliamagazine.it\/2020\/\",\"name\":\"Fipav Puglia Magazine\",\"description\":\"Comunicazione CR FIPAV Puglia\",\"publisher\":{\"@id\":\"https:\/\/www.fipavpugliamagazine.it\/2020\/#organization\"},\"potentialAction\":[{\"@type\":\"SearchAction\",\"target\":{\"@type\":\"EntryPoint\",\"urlTemplate\":\"https:\/\/www.fipavpugliamagazine.it\/2020\/?s={search_term_string}\"},\"query-input\":{\"@type\":\"PropertyValueSpecification\",\"valueRequired\":true,\"valueName\":\"search_term_string\"}}],\"inLanguage\":\"it-IT\"},{\"@type\":\"Organization\",\"@id\":\"https:\/\/www.fipavpugliamagazine.it\/2020\/#organization\",\"name\":\"Fipav Puglia Magazine\",\"url\":\"https:\/\/www.fipavpugliamagazine.it\/2020\/\",\"logo\":{\"@type\":\"ImageObject\",\"inLanguage\":\"it-IT\",\"@id\":\"https:\/\/www.fipavpugliamagazine.it\/2020\/#\/schema\/logo\/image\/\",\"url\":\"https:\/\/www.fipavpugliamagazine.it\/2020\/wp-content\/uploads\/2025\/12\/LogoneFipavPuglia-scaled.png\",\"contentUrl\":\"https:\/\/www.fipavpugliamagazine.it\/2020\/wp-content\/uploads\/2025\/12\/LogoneFipavPuglia-scaled.png\",\"width\":2560,\"height\":2512,\"caption\":\"Fipav Puglia Magazine\"},\"image\":{\"@id\":\"https:\/\/www.fipavpugliamagazine.it\/2020\/#\/schema\/logo\/image\/\"},\"sameAs\":[\"http:\/\/www.facebook.com\/fipavpuglia\"]},{\"@type\":\"Person\",\"@id\":\"https:\/\/www.fipavpugliamagazine.it\/2020\/#\/schema\/person\/3c77c3bc0e1b52b050936902c36fdc7e\",\"name\":\"Fabrizio D'Alessandro\",\"image\":{\"@type\":\"ImageObject\",\"inLanguage\":\"it-IT\",\"@id\":\"https:\/\/www.fipavpugliamagazine.it\/2020\/#\/schema\/person\/image\/\",\"url\":\"https:\/\/secure.gravatar.com\/avatar\/b453c1e4fc54a13ec0d84b7dae2526113f311e2f22032eb2d267463ccd70d46f?s=96&d=mm&r=g\",\"contentUrl\":\"https:\/\/secure.gravatar.com\/avatar\/b453c1e4fc54a13ec0d84b7dae2526113f311e2f22032eb2d267463ccd70d46f?s=96&d=mm&r=g\",\"caption\":\"Fabrizio D'Alessandro\"},\"description\":\"Responsabile comunicazione CR FIPAV Puglia\",\"url\":\"https:\/\/www.fipavpugliamagazine.it\/2020\/author\/fabridal\/\"}]}<\/script>\n<!-- \/ Yoast SEO plugin. -->","yoast_head_json":{"title":"27-11-2024: #fipavpuglia - A Barbara Manzoni il Premio \"Federica De Luca\" 2024 - Fipav Puglia Magazine","robots":{"index":"index","follow":"follow","max-snippet":"max-snippet:-1","max-image-preview":"max-image-preview:large","max-video-preview":"max-video-preview:-1"},"canonical":"https:\/\/www.fipavpugliamagazine.it\/2020\/2024\/11\/27\/27-11-2024-fipavpuglia-a-barbara-manzoni-il-premio-federica-de-luca-2024\/","og_locale":"it_IT","og_type":"article","og_title":"27-11-2024: #fipavpuglia - A Barbara Manzoni il Premio \"Federica De Luca\" 2024 - Fipav Puglia Magazine","og_description":"Si \u00e8 tenuto a Lecce, presso il Convitto Palmieri, l&#8217;incontro &#8220;Abbiamo una sola vita. L\u2019arte di essere libere&#8221;, organizzato dal CR FIPAV Puglia nell&#8217;ambito della Settimana di Federica, in collaborazione con l\u2019associazione universitaria UdU Lecce. Nel ricordo di Federica De Luca, vittima di femminicidio nel 2016, scomparsa insieme al suo piccolo Andrea, il CR FIPAV [&hellip;]","og_url":"https:\/\/www.fipavpugliamagazine.it\/2020\/2024\/11\/27\/27-11-2024-fipavpuglia-a-barbara-manzoni-il-premio-federica-de-luca-2024\/","og_site_name":"Fipav Puglia Magazine","article_publisher":"http:\/\/www.facebook.com\/fipavpuglia","article_published_time":"2024-11-27T13:09:47+00:00","article_modified_time":"2024-11-27T14:25:32+00:00","og_image":[{"width":2560,"height":1438,"url":"https:\/\/www.fipavpugliamagazine.it\/2020\/wp-content\/uploads\/2024\/11\/2024-11-27_PremioFedericaDeLuca_BarbaraManzoni-scaled.jpg","type":"image\/jpeg"}],"author":"Fabrizio D'Alessandro","twitter_card":"summary_large_image","twitter_misc":{"Scritto da":"Fabrizio D'Alessandro","Tempo di lettura stimato":"7 minuti"},"schema":{"@context":"https:\/\/schema.org","@graph":[{"@type":"Article","@id":"https:\/\/www.fipavpugliamagazine.it\/2020\/2024\/11\/27\/27-11-2024-fipavpuglia-a-barbara-manzoni-il-premio-federica-de-luca-2024\/#article","isPartOf":{"@id":"https:\/\/www.fipavpugliamagazine.it\/2020\/2024\/11\/27\/27-11-2024-fipavpuglia-a-barbara-manzoni-il-premio-federica-de-luca-2024\/"},"author":{"name":"Fabrizio D'Alessandro","@id":"https:\/\/www.fipavpugliamagazine.it\/2020\/#\/schema\/person\/3c77c3bc0e1b52b050936902c36fdc7e"},"headline":"27-11-2024: #fipavpuglia &#8211; A Barbara Manzoni il Premio &#8220;Federica De Luca&#8221; 2024","datePublished":"2024-11-27T13:09:47+00:00","dateModified":"2024-11-27T14:25:32+00:00","mainEntityOfPage":{"@id":"https:\/\/www.fipavpugliamagazine.it\/2020\/2024\/11\/27\/27-11-2024-fipavpuglia-a-barbara-manzoni-il-premio-federica-de-luca-2024\/"},"wordCount":1354,"publisher":{"@id":"https:\/\/www.fipavpugliamagazine.it\/2020\/#organization"},"image":{"@id":"https:\/\/www.fipavpugliamagazine.it\/2020\/2024\/11\/27\/27-11-2024-fipavpuglia-a-barbara-manzoni-il-premio-federica-de-luca-2024\/#primaryimage"},"thumbnailUrl":"https:\/\/www.fipavpugliamagazine.it\/2020\/wp-content\/uploads\/2024\/11\/2024-11-27_PremioFedericaDeLuca_BarbaraManzoni-scaled.jpg","keywords":["fipavpuglia","flash","ilvolleyperfedericaeandrea","top"],"articleSection":["La Settimana di Federica 24-25"],"inLanguage":"it-IT"},{"@type":"WebPage","@id":"https:\/\/www.fipavpugliamagazine.it\/2020\/2024\/11\/27\/27-11-2024-fipavpuglia-a-barbara-manzoni-il-premio-federica-de-luca-2024\/","url":"https:\/\/www.fipavpugliamagazine.it\/2020\/2024\/11\/27\/27-11-2024-fipavpuglia-a-barbara-manzoni-il-premio-federica-de-luca-2024\/","name":"27-11-2024: #fipavpuglia - A Barbara Manzoni il Premio \"Federica De Luca\" 2024 - Fipav Puglia Magazine","isPartOf":{"@id":"https:\/\/www.fipavpugliamagazine.it\/2020\/#website"},"primaryImageOfPage":{"@id":"https:\/\/www.fipavpugliamagazine.it\/2020\/2024\/11\/27\/27-11-2024-fipavpuglia-a-barbara-manzoni-il-premio-federica-de-luca-2024\/#primaryimage"},"image":{"@id":"https:\/\/www.fipavpugliamagazine.it\/2020\/2024\/11\/27\/27-11-2024-fipavpuglia-a-barbara-manzoni-il-premio-federica-de-luca-2024\/#primaryimage"},"thumbnailUrl":"https:\/\/www.fipavpugliamagazine.it\/2020\/wp-content\/uploads\/2024\/11\/2024-11-27_PremioFedericaDeLuca_BarbaraManzoni-scaled.jpg","datePublished":"2024-11-27T13:09:47+00:00","dateModified":"2024-11-27T14:25:32+00:00","breadcrumb":{"@id":"https:\/\/www.fipavpugliamagazine.it\/2020\/2024\/11\/27\/27-11-2024-fipavpuglia-a-barbara-manzoni-il-premio-federica-de-luca-2024\/#breadcrumb"},"inLanguage":"it-IT","potentialAction":[{"@type":"ReadAction","target":["https:\/\/www.fipavpugliamagazine.it\/2020\/2024\/11\/27\/27-11-2024-fipavpuglia-a-barbara-manzoni-il-premio-federica-de-luca-2024\/"]}]},{"@type":"ImageObject","inLanguage":"it-IT","@id":"https:\/\/www.fipavpugliamagazine.it\/2020\/2024\/11\/27\/27-11-2024-fipavpuglia-a-barbara-manzoni-il-premio-federica-de-luca-2024\/#primaryimage","url":"https:\/\/www.fipavpugliamagazine.it\/2020\/wp-content\/uploads\/2024\/11\/2024-11-27_PremioFedericaDeLuca_BarbaraManzoni-scaled.jpg","contentUrl":"https:\/\/www.fipavpugliamagazine.it\/2020\/wp-content\/uploads\/2024\/11\/2024-11-27_PremioFedericaDeLuca_BarbaraManzoni-scaled.jpg","width":2560,"height":1438},{"@type":"BreadcrumbList","@id":"https:\/\/www.fipavpugliamagazine.it\/2020\/2024\/11\/27\/27-11-2024-fipavpuglia-a-barbara-manzoni-il-premio-federica-de-luca-2024\/#breadcrumb","itemListElement":[{"@type":"ListItem","position":1,"name":"Home","item":"https:\/\/www.fipavpugliamagazine.it\/2020\/"},{"@type":"ListItem","position":2,"name":"27-11-2024: #fipavpuglia &#8211; A Barbara Manzoni il Premio &#8220;Federica De Luca&#8221; 2024"}]},{"@type":"WebSite","@id":"https:\/\/www.fipavpugliamagazine.it\/2020\/#website","url":"https:\/\/www.fipavpugliamagazine.it\/2020\/","name":"Fipav Puglia Magazine","description":"Comunicazione CR FIPAV Puglia","publisher":{"@id":"https:\/\/www.fipavpugliamagazine.it\/2020\/#organization"},"potentialAction":[{"@type":"SearchAction","target":{"@type":"EntryPoint","urlTemplate":"https:\/\/www.fipavpugliamagazine.it\/2020\/?s={search_term_string}"},"query-input":{"@type":"PropertyValueSpecification","valueRequired":true,"valueName":"search_term_string"}}],"inLanguage":"it-IT"},{"@type":"Organization","@id":"https:\/\/www.fipavpugliamagazine.it\/2020\/#organization","name":"Fipav Puglia Magazine","url":"https:\/\/www.fipavpugliamagazine.it\/2020\/","logo":{"@type":"ImageObject","inLanguage":"it-IT","@id":"https:\/\/www.fipavpugliamagazine.it\/2020\/#\/schema\/logo\/image\/","url":"https:\/\/www.fipavpugliamagazine.it\/2020\/wp-content\/uploads\/2025\/12\/LogoneFipavPuglia-scaled.png","contentUrl":"https:\/\/www.fipavpugliamagazine.it\/2020\/wp-content\/uploads\/2025\/12\/LogoneFipavPuglia-scaled.png","width":2560,"height":2512,"caption":"Fipav Puglia Magazine"},"image":{"@id":"https:\/\/www.fipavpugliamagazine.it\/2020\/#\/schema\/logo\/image\/"},"sameAs":["http:\/\/www.facebook.com\/fipavpuglia"]},{"@type":"Person","@id":"https:\/\/www.fipavpugliamagazine.it\/2020\/#\/schema\/person\/3c77c3bc0e1b52b050936902c36fdc7e","name":"Fabrizio D'Alessandro","image":{"@type":"ImageObject","inLanguage":"it-IT","@id":"https:\/\/www.fipavpugliamagazine.it\/2020\/#\/schema\/person\/image\/","url":"https:\/\/secure.gravatar.com\/avatar\/b453c1e4fc54a13ec0d84b7dae2526113f311e2f22032eb2d267463ccd70d46f?s=96&d=mm&r=g","contentUrl":"https:\/\/secure.gravatar.com\/avatar\/b453c1e4fc54a13ec0d84b7dae2526113f311e2f22032eb2d267463ccd70d46f?s=96&d=mm&r=g","caption":"Fabrizio D'Alessandro"},"description":"Responsabile comunicazione CR FIPAV Puglia","url":"https:\/\/www.fipavpugliamagazine.it\/2020\/author\/fabridal\/"}]}},"_links":{"self":[{"href":"https:\/\/www.fipavpugliamagazine.it\/2020\/wp-json\/wp\/v2\/posts\/5202","targetHints":{"allow":["GET"]}}],"collection":[{"href":"https:\/\/www.fipavpugliamagazine.it\/2020\/wp-json\/wp\/v2\/posts"}],"about":[{"href":"https:\/\/www.fipavpugliamagazine.it\/2020\/wp-json\/wp\/v2\/types\/post"}],"author":[{"embeddable":true,"href":"https:\/\/www.fipavpugliamagazine.it\/2020\/wp-json\/wp\/v2\/users\/1"}],"replies":[{"embeddable":true,"href":"https:\/\/www.fipavpugliamagazine.it\/2020\/wp-json\/wp\/v2\/comments?post=5202"}],"version-history":[{"count":3,"href":"https:\/\/www.fipavpugliamagazine.it\/2020\/wp-json\/wp\/v2\/posts\/5202\/revisions"}],"predecessor-version":[{"id":5207,"href":"https:\/\/www.fipavpugliamagazine.it\/2020\/wp-json\/wp\/v2\/posts\/5202\/revisions\/5207"}],"wp:featuredmedia":[{"embeddable":true,"href":"https:\/\/www.fipavpugliamagazine.it\/2020\/wp-json\/wp\/v2\/media\/5203"}],"wp:attachment":[{"href":"https:\/\/www.fipavpugliamagazine.it\/2020\/wp-json\/wp\/v2\/media?parent=5202"}],"wp:term":[{"taxonomy":"category","embeddable":true,"href":"https:\/\/www.fipavpugliamagazine.it\/2020\/wp-json\/wp\/v2\/categories?post=5202"},{"taxonomy":"post_tag","embeddable":true,"href":"https:\/\/www.fipavpugliamagazine.it\/2020\/wp-json\/wp\/v2\/tags?post=5202"}],"curies":[{"name":"wp","href":"https:\/\/api.w.org\/{rel}","templated":true}]}}