{"id":5166,"date":"2024-11-19T18:24:36","date_gmt":"2024-11-19T18:24:36","guid":{"rendered":"https:\/\/www.fipavpugliamagazine.it\/2020\/?p=5166"},"modified":"2024-11-19T18:24:39","modified_gmt":"2024-11-19T18:24:39","slug":"19-11-2024-fipavpuglia-dal-25-novembre-torna-la-settimana-di-federica","status":"publish","type":"post","link":"https:\/\/www.fipavpugliamagazine.it\/2020\/2024\/11\/19\/19-11-2024-fipavpuglia-dal-25-novembre-torna-la-settimana-di-federica\/","title":{"rendered":"19-11-2024: #fipavpuglia &#8211; Dal 25 novembre torna &#8220;La Settimana di Federica&#8221;"},"content":{"rendered":"\n<p>La pallavolo pugliese continua la sua battaglia contro la violenza di genere e lo fa ancora una volta, per il nono anno consecutivo, nel ricordo di Federica De Luca e del piccolo Andrea, scomparsi in una tragedia familiare nel 2016. Ed \u00e8 proprio nel ricordo dell&#8217;arbitro pugliese Federica De Luca che torna &#8220;La settimana di Federica&#8221;, con una serie di attivit\u00e0 in giro per l&#8217;intera regione, dedicata alla battaglia contro la violenza di genere. Ad avvalorare questa settimana anche l&#8217;assegnazione del premio &#8220;Federica De Luca&#8221;, riserato all\u2019ufficiale di gara donna di categoria nazionale che si \u00e8 particolarmente distinto per l\u2019impegno e la passione a livello dirigenziale periferico durante il corso della stagione, assegnato dalla Federazione Italiana Pallavolo. Presenti in prima linea, anche quest&#8217;anno, Enzo De Luca e Rita Lanzon, i genitori di Federica, a loro la Federazione Italiana Pallavolo ha sin da subito dato pieno supporto nell&#8217;aprire le porte delle palestre e dei palazzetti per diffondere il loro messaggio. Sar\u00e0 inoltre osservato un minuto di silenzio su tutti i campi di Puglia di ogni serie e categoria, gare nelle quali gli ufficiali di gara e gli allenatoriindosseranno un fiocco rosso e i capitani effettueranno sotto rete uno scambio di palloncini.<br>Sar\u00e0 inoltre presentato in conferenza stampa il progetto volto a favorire l\u2019esercizio della pratica sportiva, in via gratuita, per i minori che siano stati vittima, in maniera diretta o indiretta, di violenza di genere o domestica, presso le ASD aderenti ideato dal CR FIPAV Puglia in collaborazione con le amministrazioni comunali aderenti e le associazioni sportive del territorio.<\/p>\n\n\n\n<p><strong>PREMIO &#8220;FEDERICA DE LUCA&#8221;<br><\/strong>2018: Chiara Santangelo (Sicilia)<br>2019: Rachela Prister\u00e0 (Piemonte)<br>2020: Alessandra Di Virgilio (Abruzzo)<br>2021: Giuseppina Stellato (Campania)<br>2022: Denise Bianchi (Puglia)<br>2023: Livia Azzolina (Lazio)<br>2024:<\/p>\n\n\n\n<p><strong>Questo il calendario degli eventi organizzati nell&#8217;ambito della Settimana di Federica 2024.<\/strong><\/p>\n\n\n\n<ul class=\"wp-block-list\">\n<li>Sabato 23 novembre 2024 ore 17.30 &#8211; Evento &#8220;Libere di essere &#8211; Giornata di solidariet\u00e0 e Consapevolezza&#8221; presso la sede dell\u2019Associazione Movimenti in Via Gramsci 56 a Palo del Colle;<\/li>\n\n\n\n<li>Domenica 24 novembre 2024 ore 10.00 &#8211; Manifestazione di volley S3 &#8220;Festa del fair play&#8221; presso il Centro Sportivo ex Alisei in P.zza Scorsese a Palo del Colle<\/li>\n\n\n\n<li>Luned\u00ec 25 novembre 2024 ore 10.00 &#8211; &#8220;Tavola rotonda&#8221; presso La Chiesa Santa Maria della Croce di Montemesola (TA) per discutere dell\u2019importanza del ruolo dello sport nella lotta alla violenza di genere;<\/li>\n\n\n\n<li>Luned\u00ec 25 novembre ore 16.30 &#8211; Incontro presso la Sala Ronchi della Biblioteca Comunale G. Bovio di Trani per approfondire, con la partecipazione dei genitori di Federica De Luca e di esperti del settore, lo stato attuale delle leggi contro il femminicidio in Italia e presentare il volume &#8220;La legge Rocella. Il nuovo codice Rosso&#8221;;<\/li>\n\n\n\n<li>Marted\u00ec 26 novembre ore 16.30 &#8211; Incontro &#8220;Abbiamo una sola vita. L\u2019arte di essere libere&#8221; presso il Convitto Palmieri a Lecce. Presenti il Prof. Rocco Luigi Nichil, la Prof.ssa Beatrice Stasi dell\u2019Universit\u00e0 del Salento, i genitori di Federica De Luca per discutere di violenza di genere. A seguire ci sar\u00e0 la proiezione del docufilm &#8220;Libere di vivere&#8221;. Al termine dell&#8217;incontro ci sar\u00e0 inoltre la consegna del Premio &#8220;Federica De Luca 2024&#8221;;<\/li>\n\n\n\n<li>Mercoled\u00ec 27 novembre ore 16.00 &#8211; Incontro, in collaborazione con il Comune di San Cassiano e l\u2019associazione ASTRA, presso il Comune di San Cassiano per discutere sul tema della violenza di genere;<\/li>\n<\/ul>\n","protected":false},"excerpt":{"rendered":"<p>La pallavolo pugliese continua la sua battaglia contro la violenza di genere e lo fa ancora una volta, per il nono anno consecutivo, nel ricordo di Federica De Luca e del piccolo Andrea, scomparsi in una tragedia familiare nel 2016. Ed \u00e8 proprio nel ricordo dell&#8217;arbitro pugliese Federica De Luca che torna &#8220;La settimana di [&hellip;]<\/p>\n","protected":false},"author":1,"featured_media":2879,"comment_status":"closed","ping_status":"open","sticky":false,"template":"","format":"standard","meta":{"_monsterinsights_skip_tracking":false,"_monsterinsights_sitenote_active":false,"_monsterinsights_sitenote_note":"","_monsterinsights_sitenote_category":0,"tdm_status":"","tdm_grid_status":"","footnotes":""},"categories":[517],"tags":[19,16,59,15],"class_list":{"0":"post-5166","1":"post","2":"type-post","3":"status-publish","4":"format-standard","5":"has-post-thumbnail","7":"category-la-settimana-di-federica-24-25","8":"tag-fipavpuglia","9":"tag-flash","10":"tag-ilvolleyperfedericaeandrea","11":"tag-top"},"yoast_head":"<!-- This site is optimized with the Yoast SEO plugin v26.6 - https:\/\/yoast.com\/wordpress\/plugins\/seo\/ -->\n<title>19-11-2024: #fipavpuglia - Dal 25 novembre torna &quot;La Settimana di Federica&quot; - Fipav Puglia Magazine<\/title>\n<meta name=\"robots\" content=\"index, follow, max-snippet:-1, max-image-preview:large, max-video-preview:-1\" \/>\n<link rel=\"canonical\" href=\"https:\/\/www.fipavpugliamagazine.it\/2020\/2024\/11\/19\/19-11-2024-fipavpuglia-dal-25-novembre-torna-la-settimana-di-federica\/\" \/>\n<meta property=\"og:locale\" content=\"it_IT\" \/>\n<meta property=\"og:type\" content=\"article\" \/>\n<meta property=\"og:title\" content=\"19-11-2024: #fipavpuglia - Dal 25 novembre torna &quot;La Settimana di Federica&quot; - Fipav Puglia Magazine\" \/>\n<meta property=\"og:description\" content=\"La pallavolo pugliese continua la sua battaglia contro la violenza di genere e lo fa ancora una volta, per il nono anno consecutivo, nel ricordo di Federica De Luca e del piccolo Andrea, scomparsi in una tragedia familiare nel 2016. Ed \u00e8 proprio nel ricordo dell&#8217;arbitro pugliese Federica De Luca che torna &#8220;La settimana di [&hellip;]\" \/>\n<meta property=\"og:url\" content=\"https:\/\/www.fipavpugliamagazine.it\/2020\/2024\/11\/19\/19-11-2024-fipavpuglia-dal-25-novembre-torna-la-settimana-di-federica\/\" \/>\n<meta property=\"og:site_name\" content=\"Fipav Puglia Magazine\" \/>\n<meta property=\"article:publisher\" content=\"http:\/\/www.facebook.com\/fipavpuglia\" \/>\n<meta property=\"article:published_time\" content=\"2024-11-19T18:24:36+00:00\" \/>\n<meta property=\"article:modified_time\" content=\"2024-11-19T18:24:39+00:00\" \/>\n<meta property=\"og:image\" content=\"https:\/\/www.fipavpugliamagazine.it\/2020\/wp-content\/uploads\/2021\/11\/43310140_2236587536412884_397532208593633280_o11.jpg\" \/>\n\t<meta property=\"og:image:width\" content=\"1905\" \/>\n\t<meta property=\"og:image:height\" content=\"1271\" \/>\n\t<meta property=\"og:image:type\" content=\"image\/jpeg\" \/>\n<meta name=\"author\" content=\"Fabrizio D&#039;Alessandro\" \/>\n<meta name=\"twitter:card\" content=\"summary_large_image\" \/>\n<meta name=\"twitter:label1\" content=\"Scritto da\" \/>\n\t<meta name=\"twitter:data1\" content=\"Fabrizio D&#039;Alessandro\" \/>\n\t<meta name=\"twitter:label2\" content=\"Tempo di lettura stimato\" \/>\n\t<meta name=\"twitter:data2\" content=\"3 minuti\" \/>\n<script type=\"application\/ld+json\" class=\"yoast-schema-graph\">{\"@context\":\"https:\/\/schema.org\",\"@graph\":[{\"@type\":\"Article\",\"@id\":\"https:\/\/www.fipavpugliamagazine.it\/2020\/2024\/11\/19\/19-11-2024-fipavpuglia-dal-25-novembre-torna-la-settimana-di-federica\/#article\",\"isPartOf\":{\"@id\":\"https:\/\/www.fipavpugliamagazine.it\/2020\/2024\/11\/19\/19-11-2024-fipavpuglia-dal-25-novembre-torna-la-settimana-di-federica\/\"},\"author\":{\"name\":\"Fabrizio D'Alessandro\",\"@id\":\"https:\/\/www.fipavpugliamagazine.it\/2020\/#\/schema\/person\/3c77c3bc0e1b52b050936902c36fdc7e\"},\"headline\":\"19-11-2024: #fipavpuglia &#8211; Dal 25 novembre torna &#8220;La Settimana di Federica&#8221;\",\"datePublished\":\"2024-11-19T18:24:36+00:00\",\"dateModified\":\"2024-11-19T18:24:39+00:00\",\"mainEntityOfPage\":{\"@id\":\"https:\/\/www.fipavpugliamagazine.it\/2020\/2024\/11\/19\/19-11-2024-fipavpuglia-dal-25-novembre-torna-la-settimana-di-federica\/\"},\"wordCount\":548,\"publisher\":{\"@id\":\"https:\/\/www.fipavpugliamagazine.it\/2020\/#organization\"},\"image\":{\"@id\":\"https:\/\/www.fipavpugliamagazine.it\/2020\/2024\/11\/19\/19-11-2024-fipavpuglia-dal-25-novembre-torna-la-settimana-di-federica\/#primaryimage\"},\"thumbnailUrl\":\"https:\/\/www.fipavpugliamagazine.it\/2020\/wp-content\/uploads\/2021\/11\/43310140_2236587536412884_397532208593633280_o11.jpg\",\"keywords\":[\"fipavpuglia\",\"flash\",\"ilvolleyperfedericaeandrea\",\"top\"],\"articleSection\":[\"La Settimana di Federica 24-25\"],\"inLanguage\":\"it-IT\"},{\"@type\":\"WebPage\",\"@id\":\"https:\/\/www.fipavpugliamagazine.it\/2020\/2024\/11\/19\/19-11-2024-fipavpuglia-dal-25-novembre-torna-la-settimana-di-federica\/\",\"url\":\"https:\/\/www.fipavpugliamagazine.it\/2020\/2024\/11\/19\/19-11-2024-fipavpuglia-dal-25-novembre-torna-la-settimana-di-federica\/\",\"name\":\"19-11-2024: #fipavpuglia - Dal 25 novembre torna \\\"La Settimana di Federica\\\" - Fipav Puglia Magazine\",\"isPartOf\":{\"@id\":\"https:\/\/www.fipavpugliamagazine.it\/2020\/#website\"},\"primaryImageOfPage\":{\"@id\":\"https:\/\/www.fipavpugliamagazine.it\/2020\/2024\/11\/19\/19-11-2024-fipavpuglia-dal-25-novembre-torna-la-settimana-di-federica\/#primaryimage\"},\"image\":{\"@id\":\"https:\/\/www.fipavpugliamagazine.it\/2020\/2024\/11\/19\/19-11-2024-fipavpuglia-dal-25-novembre-torna-la-settimana-di-federica\/#primaryimage\"},\"thumbnailUrl\":\"https:\/\/www.fipavpugliamagazine.it\/2020\/wp-content\/uploads\/2021\/11\/43310140_2236587536412884_397532208593633280_o11.jpg\",\"datePublished\":\"2024-11-19T18:24:36+00:00\",\"dateModified\":\"2024-11-19T18:24:39+00:00\",\"breadcrumb\":{\"@id\":\"https:\/\/www.fipavpugliamagazine.it\/2020\/2024\/11\/19\/19-11-2024-fipavpuglia-dal-25-novembre-torna-la-settimana-di-federica\/#breadcrumb\"},\"inLanguage\":\"it-IT\",\"potentialAction\":[{\"@type\":\"ReadAction\",\"target\":[\"https:\/\/www.fipavpugliamagazine.it\/2020\/2024\/11\/19\/19-11-2024-fipavpuglia-dal-25-novembre-torna-la-settimana-di-federica\/\"]}]},{\"@type\":\"ImageObject\",\"inLanguage\":\"it-IT\",\"@id\":\"https:\/\/www.fipavpugliamagazine.it\/2020\/2024\/11\/19\/19-11-2024-fipavpuglia-dal-25-novembre-torna-la-settimana-di-federica\/#primaryimage\",\"url\":\"https:\/\/www.fipavpugliamagazine.it\/2020\/wp-content\/uploads\/2021\/11\/43310140_2236587536412884_397532208593633280_o11.jpg\",\"contentUrl\":\"https:\/\/www.fipavpugliamagazine.it\/2020\/wp-content\/uploads\/2021\/11\/43310140_2236587536412884_397532208593633280_o11.jpg\",\"width\":1905,\"height\":1271},{\"@type\":\"BreadcrumbList\",\"@id\":\"https:\/\/www.fipavpugliamagazine.it\/2020\/2024\/11\/19\/19-11-2024-fipavpuglia-dal-25-novembre-torna-la-settimana-di-federica\/#breadcrumb\",\"itemListElement\":[{\"@type\":\"ListItem\",\"position\":1,\"name\":\"Home\",\"item\":\"https:\/\/www.fipavpugliamagazine.it\/2020\/\"},{\"@type\":\"ListItem\",\"position\":2,\"name\":\"19-11-2024: #fipavpuglia &#8211; Dal 25 novembre torna &#8220;La Settimana di Federica&#8221;\"}]},{\"@type\":\"WebSite\",\"@id\":\"https:\/\/www.fipavpugliamagazine.it\/2020\/#website\",\"url\":\"https:\/\/www.fipavpugliamagazine.it\/2020\/\",\"name\":\"Fipav Puglia Magazine\",\"description\":\"Comunicazione CR FIPAV Puglia\",\"publisher\":{\"@id\":\"https:\/\/www.fipavpugliamagazine.it\/2020\/#organization\"},\"potentialAction\":[{\"@type\":\"SearchAction\",\"target\":{\"@type\":\"EntryPoint\",\"urlTemplate\":\"https:\/\/www.fipavpugliamagazine.it\/2020\/?s={search_term_string}\"},\"query-input\":{\"@type\":\"PropertyValueSpecification\",\"valueRequired\":true,\"valueName\":\"search_term_string\"}}],\"inLanguage\":\"it-IT\"},{\"@type\":\"Organization\",\"@id\":\"https:\/\/www.fipavpugliamagazine.it\/2020\/#organization\",\"name\":\"Fipav Puglia Magazine\",\"url\":\"https:\/\/www.fipavpugliamagazine.it\/2020\/\",\"logo\":{\"@type\":\"ImageObject\",\"inLanguage\":\"it-IT\",\"@id\":\"https:\/\/www.fipavpugliamagazine.it\/2020\/#\/schema\/logo\/image\/\",\"url\":\"https:\/\/www.fipavpugliamagazine.it\/2020\/wp-content\/uploads\/2025\/12\/LogoneFipavPuglia-scaled.png\",\"contentUrl\":\"https:\/\/www.fipavpugliamagazine.it\/2020\/wp-content\/uploads\/2025\/12\/LogoneFipavPuglia-scaled.png\",\"width\":2560,\"height\":2512,\"caption\":\"Fipav Puglia Magazine\"},\"image\":{\"@id\":\"https:\/\/www.fipavpugliamagazine.it\/2020\/#\/schema\/logo\/image\/\"},\"sameAs\":[\"http:\/\/www.facebook.com\/fipavpuglia\"]},{\"@type\":\"Person\",\"@id\":\"https:\/\/www.fipavpugliamagazine.it\/2020\/#\/schema\/person\/3c77c3bc0e1b52b050936902c36fdc7e\",\"name\":\"Fabrizio D'Alessandro\",\"image\":{\"@type\":\"ImageObject\",\"inLanguage\":\"it-IT\",\"@id\":\"https:\/\/www.fipavpugliamagazine.it\/2020\/#\/schema\/person\/image\/\",\"url\":\"https:\/\/secure.gravatar.com\/avatar\/b453c1e4fc54a13ec0d84b7dae2526113f311e2f22032eb2d267463ccd70d46f?s=96&d=mm&r=g\",\"contentUrl\":\"https:\/\/secure.gravatar.com\/avatar\/b453c1e4fc54a13ec0d84b7dae2526113f311e2f22032eb2d267463ccd70d46f?s=96&d=mm&r=g\",\"caption\":\"Fabrizio D'Alessandro\"},\"description\":\"Responsabile comunicazione CR FIPAV Puglia\",\"url\":\"https:\/\/www.fipavpugliamagazine.it\/2020\/author\/fabridal\/\"}]}<\/script>\n<!-- \/ Yoast SEO plugin. -->","yoast_head_json":{"title":"19-11-2024: #fipavpuglia - Dal 25 novembre torna \"La Settimana di Federica\" - Fipav Puglia Magazine","robots":{"index":"index","follow":"follow","max-snippet":"max-snippet:-1","max-image-preview":"max-image-preview:large","max-video-preview":"max-video-preview:-1"},"canonical":"https:\/\/www.fipavpugliamagazine.it\/2020\/2024\/11\/19\/19-11-2024-fipavpuglia-dal-25-novembre-torna-la-settimana-di-federica\/","og_locale":"it_IT","og_type":"article","og_title":"19-11-2024: #fipavpuglia - Dal 25 novembre torna \"La Settimana di Federica\" - Fipav Puglia Magazine","og_description":"La pallavolo pugliese continua la sua battaglia contro la violenza di genere e lo fa ancora una volta, per il nono anno consecutivo, nel ricordo di Federica De Luca e del piccolo Andrea, scomparsi in una tragedia familiare nel 2016. Ed \u00e8 proprio nel ricordo dell&#8217;arbitro pugliese Federica De Luca che torna &#8220;La settimana di [&hellip;]","og_url":"https:\/\/www.fipavpugliamagazine.it\/2020\/2024\/11\/19\/19-11-2024-fipavpuglia-dal-25-novembre-torna-la-settimana-di-federica\/","og_site_name":"Fipav Puglia Magazine","article_publisher":"http:\/\/www.facebook.com\/fipavpuglia","article_published_time":"2024-11-19T18:24:36+00:00","article_modified_time":"2024-11-19T18:24:39+00:00","og_image":[{"width":1905,"height":1271,"url":"https:\/\/www.fipavpugliamagazine.it\/2020\/wp-content\/uploads\/2021\/11\/43310140_2236587536412884_397532208593633280_o11.jpg","type":"image\/jpeg"}],"author":"Fabrizio D'Alessandro","twitter_card":"summary_large_image","twitter_misc":{"Scritto da":"Fabrizio D'Alessandro","Tempo di lettura stimato":"3 minuti"},"schema":{"@context":"https:\/\/schema.org","@graph":[{"@type":"Article","@id":"https:\/\/www.fipavpugliamagazine.it\/2020\/2024\/11\/19\/19-11-2024-fipavpuglia-dal-25-novembre-torna-la-settimana-di-federica\/#article","isPartOf":{"@id":"https:\/\/www.fipavpugliamagazine.it\/2020\/2024\/11\/19\/19-11-2024-fipavpuglia-dal-25-novembre-torna-la-settimana-di-federica\/"},"author":{"name":"Fabrizio D'Alessandro","@id":"https:\/\/www.fipavpugliamagazine.it\/2020\/#\/schema\/person\/3c77c3bc0e1b52b050936902c36fdc7e"},"headline":"19-11-2024: #fipavpuglia &#8211; Dal 25 novembre torna &#8220;La Settimana di Federica&#8221;","datePublished":"2024-11-19T18:24:36+00:00","dateModified":"2024-11-19T18:24:39+00:00","mainEntityOfPage":{"@id":"https:\/\/www.fipavpugliamagazine.it\/2020\/2024\/11\/19\/19-11-2024-fipavpuglia-dal-25-novembre-torna-la-settimana-di-federica\/"},"wordCount":548,"publisher":{"@id":"https:\/\/www.fipavpugliamagazine.it\/2020\/#organization"},"image":{"@id":"https:\/\/www.fipavpugliamagazine.it\/2020\/2024\/11\/19\/19-11-2024-fipavpuglia-dal-25-novembre-torna-la-settimana-di-federica\/#primaryimage"},"thumbnailUrl":"https:\/\/www.fipavpugliamagazine.it\/2020\/wp-content\/uploads\/2021\/11\/43310140_2236587536412884_397532208593633280_o11.jpg","keywords":["fipavpuglia","flash","ilvolleyperfedericaeandrea","top"],"articleSection":["La Settimana di Federica 24-25"],"inLanguage":"it-IT"},{"@type":"WebPage","@id":"https:\/\/www.fipavpugliamagazine.it\/2020\/2024\/11\/19\/19-11-2024-fipavpuglia-dal-25-novembre-torna-la-settimana-di-federica\/","url":"https:\/\/www.fipavpugliamagazine.it\/2020\/2024\/11\/19\/19-11-2024-fipavpuglia-dal-25-novembre-torna-la-settimana-di-federica\/","name":"19-11-2024: #fipavpuglia - Dal 25 novembre torna \"La Settimana di Federica\" - Fipav Puglia Magazine","isPartOf":{"@id":"https:\/\/www.fipavpugliamagazine.it\/2020\/#website"},"primaryImageOfPage":{"@id":"https:\/\/www.fipavpugliamagazine.it\/2020\/2024\/11\/19\/19-11-2024-fipavpuglia-dal-25-novembre-torna-la-settimana-di-federica\/#primaryimage"},"image":{"@id":"https:\/\/www.fipavpugliamagazine.it\/2020\/2024\/11\/19\/19-11-2024-fipavpuglia-dal-25-novembre-torna-la-settimana-di-federica\/#primaryimage"},"thumbnailUrl":"https:\/\/www.fipavpugliamagazine.it\/2020\/wp-content\/uploads\/2021\/11\/43310140_2236587536412884_397532208593633280_o11.jpg","datePublished":"2024-11-19T18:24:36+00:00","dateModified":"2024-11-19T18:24:39+00:00","breadcrumb":{"@id":"https:\/\/www.fipavpugliamagazine.it\/2020\/2024\/11\/19\/19-11-2024-fipavpuglia-dal-25-novembre-torna-la-settimana-di-federica\/#breadcrumb"},"inLanguage":"it-IT","potentialAction":[{"@type":"ReadAction","target":["https:\/\/www.fipavpugliamagazine.it\/2020\/2024\/11\/19\/19-11-2024-fipavpuglia-dal-25-novembre-torna-la-settimana-di-federica\/"]}]},{"@type":"ImageObject","inLanguage":"it-IT","@id":"https:\/\/www.fipavpugliamagazine.it\/2020\/2024\/11\/19\/19-11-2024-fipavpuglia-dal-25-novembre-torna-la-settimana-di-federica\/#primaryimage","url":"https:\/\/www.fipavpugliamagazine.it\/2020\/wp-content\/uploads\/2021\/11\/43310140_2236587536412884_397532208593633280_o11.jpg","contentUrl":"https:\/\/www.fipavpugliamagazine.it\/2020\/wp-content\/uploads\/2021\/11\/43310140_2236587536412884_397532208593633280_o11.jpg","width":1905,"height":1271},{"@type":"BreadcrumbList","@id":"https:\/\/www.fipavpugliamagazine.it\/2020\/2024\/11\/19\/19-11-2024-fipavpuglia-dal-25-novembre-torna-la-settimana-di-federica\/#breadcrumb","itemListElement":[{"@type":"ListItem","position":1,"name":"Home","item":"https:\/\/www.fipavpugliamagazine.it\/2020\/"},{"@type":"ListItem","position":2,"name":"19-11-2024: #fipavpuglia &#8211; Dal 25 novembre torna &#8220;La Settimana di Federica&#8221;"}]},{"@type":"WebSite","@id":"https:\/\/www.fipavpugliamagazine.it\/2020\/#website","url":"https:\/\/www.fipavpugliamagazine.it\/2020\/","name":"Fipav Puglia Magazine","description":"Comunicazione CR FIPAV Puglia","publisher":{"@id":"https:\/\/www.fipavpugliamagazine.it\/2020\/#organization"},"potentialAction":[{"@type":"SearchAction","target":{"@type":"EntryPoint","urlTemplate":"https:\/\/www.fipavpugliamagazine.it\/2020\/?s={search_term_string}"},"query-input":{"@type":"PropertyValueSpecification","valueRequired":true,"valueName":"search_term_string"}}],"inLanguage":"it-IT"},{"@type":"Organization","@id":"https:\/\/www.fipavpugliamagazine.it\/2020\/#organization","name":"Fipav Puglia Magazine","url":"https:\/\/www.fipavpugliamagazine.it\/2020\/","logo":{"@type":"ImageObject","inLanguage":"it-IT","@id":"https:\/\/www.fipavpugliamagazine.it\/2020\/#\/schema\/logo\/image\/","url":"https:\/\/www.fipavpugliamagazine.it\/2020\/wp-content\/uploads\/2025\/12\/LogoneFipavPuglia-scaled.png","contentUrl":"https:\/\/www.fipavpugliamagazine.it\/2020\/wp-content\/uploads\/2025\/12\/LogoneFipavPuglia-scaled.png","width":2560,"height":2512,"caption":"Fipav Puglia Magazine"},"image":{"@id":"https:\/\/www.fipavpugliamagazine.it\/2020\/#\/schema\/logo\/image\/"},"sameAs":["http:\/\/www.facebook.com\/fipavpuglia"]},{"@type":"Person","@id":"https:\/\/www.fipavpugliamagazine.it\/2020\/#\/schema\/person\/3c77c3bc0e1b52b050936902c36fdc7e","name":"Fabrizio D'Alessandro","image":{"@type":"ImageObject","inLanguage":"it-IT","@id":"https:\/\/www.fipavpugliamagazine.it\/2020\/#\/schema\/person\/image\/","url":"https:\/\/secure.gravatar.com\/avatar\/b453c1e4fc54a13ec0d84b7dae2526113f311e2f22032eb2d267463ccd70d46f?s=96&d=mm&r=g","contentUrl":"https:\/\/secure.gravatar.com\/avatar\/b453c1e4fc54a13ec0d84b7dae2526113f311e2f22032eb2d267463ccd70d46f?s=96&d=mm&r=g","caption":"Fabrizio D'Alessandro"},"description":"Responsabile comunicazione CR FIPAV Puglia","url":"https:\/\/www.fipavpugliamagazine.it\/2020\/author\/fabridal\/"}]}},"_links":{"self":[{"href":"https:\/\/www.fipavpugliamagazine.it\/2020\/wp-json\/wp\/v2\/posts\/5166","targetHints":{"allow":["GET"]}}],"collection":[{"href":"https:\/\/www.fipavpugliamagazine.it\/2020\/wp-json\/wp\/v2\/posts"}],"about":[{"href":"https:\/\/www.fipavpugliamagazine.it\/2020\/wp-json\/wp\/v2\/types\/post"}],"author":[{"embeddable":true,"href":"https:\/\/www.fipavpugliamagazine.it\/2020\/wp-json\/wp\/v2\/users\/1"}],"replies":[{"embeddable":true,"href":"https:\/\/www.fipavpugliamagazine.it\/2020\/wp-json\/wp\/v2\/comments?post=5166"}],"version-history":[{"count":1,"href":"https:\/\/www.fipavpugliamagazine.it\/2020\/wp-json\/wp\/v2\/posts\/5166\/revisions"}],"predecessor-version":[{"id":5167,"href":"https:\/\/www.fipavpugliamagazine.it\/2020\/wp-json\/wp\/v2\/posts\/5166\/revisions\/5167"}],"wp:featuredmedia":[{"embeddable":true,"href":"https:\/\/www.fipavpugliamagazine.it\/2020\/wp-json\/wp\/v2\/media\/2879"}],"wp:attachment":[{"href":"https:\/\/www.fipavpugliamagazine.it\/2020\/wp-json\/wp\/v2\/media?parent=5166"}],"wp:term":[{"taxonomy":"category","embeddable":true,"href":"https:\/\/www.fipavpugliamagazine.it\/2020\/wp-json\/wp\/v2\/categories?post=5166"},{"taxonomy":"post_tag","embeddable":true,"href":"https:\/\/www.fipavpugliamagazine.it\/2020\/wp-json\/wp\/v2\/tags?post=5166"}],"curies":[{"name":"wp","href":"https:\/\/api.w.org\/{rel}","templated":true}]}}