{"id":3608,"date":"2022-11-24T18:15:20","date_gmt":"2022-11-24T18:15:20","guid":{"rendered":"https:\/\/www.fipavpugliamagazine.it\/2020\/?p=3608"},"modified":"2022-11-28T11:06:23","modified_gmt":"2022-11-28T11:06:23","slug":"24-11-2022-ilvolleyperfedericaeandrea-allarbitro-pugliese-denise-bianchi-il-premio-federica-de-luca-2022","status":"publish","type":"post","link":"https:\/\/www.fipavpugliamagazine.it\/2020\/2022\/11\/24\/24-11-2022-ilvolleyperfedericaeandrea-allarbitro-pugliese-denise-bianchi-il-premio-federica-de-luca-2022\/","title":{"rendered":"24-11-2022: #ilvolleyperfedericaeandrea &#8211; All&#8217;arbitro pugliese Denise Bianchi il premio &#8220;Federica De Luca&#8221; 2022"},"content":{"rendered":"\n<p>Video<br \/>Intervista a Letizia Genovese (Consigliere Nazionale FIPAV) -&gt; <a href=\"https:\/\/youtu.be\/U4gF3QuAjLI\" target=\"_blank\" rel=\"noreferrer noopener\">https:\/\/youtu.be\/U4gF3QuAjLI<\/a><br \/>Intervista a Denise Bianchi (Premio Federica De Luca 2022) -&gt; <a href=\"https:\/\/youtu.be\/EARR-hfNwMg\" target=\"_blank\" rel=\"noreferrer noopener\">https:\/\/youtu.be\/EARR-hfNwMg<\/a><\/p>\n\n\n\n<p>Il &#8220;Premio Federica De Luca&#8221; 2022 \u00e8 tornato in Puglia, nella terra tanto amata da Federica e dal suo piccolo Andrea scomparsi in una tragedia familiare nel 2016 e che la pallavolo ha deciso sin da subito di ricordare con un&#8217;intera settimana a loro dedicata: &#8220;La Settimana di Federica&#8221;. Anche quest&#8217;anno il CR FIPAV Puglia ha organizzato una serie di appuntamenti tra scuole e palestre nel ricordo di Federica e Andrea con al centro il tema della violenza sulle donne, purtroppo ancora tanto attuale.<br>In prima linea in questa battaglia i genitori di Federica De Luca, Enzo De Luca e Rita Lanzon che col loro racconto da quel tragico evento, cercano di sensibilizzare su questo tema avendo al loro fianco la Federazione Italiana Pallavolo che ha istituito anche un premio dedicato a Federica che dopo aver girato l&#8217;Italia \u00e8 tornato in Puglia nella sua quinta edizione. A riceverlo, per mano della Consigliera Federale Letizia Genovese e dei genitori di Federica, \u00e8 stata la responsabile degli Ufficiali di Gara FIPAV Puglia Denise Bianchi, in occasione dell&#8217;incontro tenutosi a Trani presso il Liceo De Sanctis. Tra lacrime ed emozione, dopo il racconto di Enzo e Rita, la consegna del premio ha concluso la mattinata racchiusa nelle parole della Consigliera nazionale FIPAV Letizia Genovese: &#8220;Torno anche quest&#8217;anno in Puglia per la Settimana di Federica per portare la vicinanza dell&#8217;intera Federazione e lo faccio con grande emozione ed enorme rispetto nei confronti di Enzo De Luca e Rita Lanzon, genitori di Federica, ai quali mi sento legata anche se non ho avuto la fortuna di conoscere Federica di persona. Ho promesso che avrei cercato di esserci anno dopo anno finch\u00e8 ne avr\u00f2 la possibilit\u00e0 perch\u00e8 la battaglia portata avanti da Enzo, Rita, dalla Federazione e da tutta la pallavolo \u00e8 di grande importanza e l&#8217;obiettivo \u00e8 quello di raggiungere un cambiamento culturale con destinatari i giovani in quello che deve essere un forte momento di crescita. Sono diversi i progetti che la FIPAV sta portando avanti legati al sociale, tra questi anche percorsi di formazione con moduli riguardanti l&#8217;antipedofilia. Lo sport deve essere un mezzo di comunicazione di valori, cos\u00ec come la nostra nazionale porta avanti i valori che hanno portato all&#8217;oro mondiale&#8221;.<br>Giunto alla sua quinta edizione, il premio &#8220;Federica De Luca&#8221; quest&#8217;anno ha avuto un sapore diverso perch\u00e8 a riceverlo \u00e8 stata un arbitro pugliese, legata da una grande amicizia con Federica. L&#8217;emozione per aver riceduto il premio &#8220;Federica De Luca&#8221; 2022 \u00e8 trasmessa dalle parole di Denise Bianchi, responsabile Ufficiali di Gara FIPAV Puglia: &#8220;Aver ricevuto questo premio \u00e8 stata un&#8217;emozione doppia, per il rapporto che mi legava a Federica. Il premio sembra essere un ritorno a casa, non \u00e8 per me ma per Federica. La Settimana di Federica sta smuovendo grande sensibilit\u00e0 da parte delle societ\u00e0 pugliesi, lo si \u00e8 visto su tutti i campi con iniziative di vario genere sui campi col coinvolgimento anche dei pi\u00f9 piccolini. Osserveremo un minuto di silenzio su tutti i campi dei campionati regionali e nazionali, gli ufficiali di gara indosseranno una maglia ricordo di questa settimana. Ogni anno abbiamo l&#8217;onore di avere al nostro fianco Enzo De Luca e Rita Lanzon, persone importanti perch\u00e8 col loro impegno portano il racconto di questa tragedia che li ha colpiti a tanti ragazzi affinche quello che \u00e8 successo non accada mai pi\u00f9&#8221;.<br>La settimana di Federica ha fatto tappa con incontri nelle scuole sul tema della violenza sulle donne a Copertino presso l&#8217;Istituto Bachelet, a Trani presso il Liceo De Sanctis, a Lecce presso l&#8217;Istituto Calasso, e andr\u00e0 avanti domani e il 29 novembre con le feste S3 dedicate al piccolo Andrea presso l&#8217;Istituto Pascoli di Noicattaro (BA), e sabato 26 novembre alle ore 11 presso il Liceo G.Galileo-M.Curie di Monopoli con un incontro che vedr\u00e0 coinvolti i genitori di Federica De Luca.<\/p>\n\n\n\n<p>Premio Federica De Luca<\/p>\n\n\n\n<p>2018: Chiara Santangelo (Sicilia)<br \/>2019: Rachela Prister\u00e0 (Piemonte)<br \/>2020: Alessandra Di Virgilio (Abruzzo)<br \/>2021: Giuseppina Stellato (Campania)<br \/>2022: Denise Bianchi (Puglia)<\/p>\n","protected":false},"excerpt":{"rendered":"<p>VideoIntervista a Letizia Genovese (Consigliere Nazionale FIPAV) -&gt; https:\/\/youtu.be\/U4gF3QuAjLIIntervista a Denise Bianchi (Premio Federica De Luca 2022) -&gt; https:\/\/youtu.be\/EARR-hfNwMg Il &#8220;Premio Federica De Luca&#8221; 2022 \u00e8 tornato in Puglia, nella terra tanto amata da Federica e dal suo piccolo Andrea scomparsi in una tragedia familiare nel 2016 e che la pallavolo ha deciso sin da [&hellip;]<\/p>\n","protected":false},"author":1,"featured_media":3610,"comment_status":"closed","ping_status":"open","sticky":false,"template":"","format":"standard","meta":{"_monsterinsights_skip_tracking":false,"_monsterinsights_sitenote_active":false,"_monsterinsights_sitenote_note":"","_monsterinsights_sitenote_category":0,"tdm_status":"","tdm_grid_status":"","footnotes":""},"categories":[408],"tags":[19,16,59],"class_list":{"0":"post-3608","1":"post","2":"type-post","3":"status-publish","4":"format-standard","5":"has-post-thumbnail","7":"category-la-settimana-di-federica-2022","8":"tag-fipavpuglia","9":"tag-flash","10":"tag-ilvolleyperfedericaeandrea"},"yoast_head":"<!-- This site is optimized with the Yoast SEO plugin v26.6 - https:\/\/yoast.com\/wordpress\/plugins\/seo\/ -->\n<title>24-11-2022: #ilvolleyperfedericaeandrea - All&#039;arbitro pugliese Denise Bianchi il premio &quot;Federica De Luca&quot; 2022 - Fipav Puglia Magazine<\/title>\n<meta name=\"robots\" content=\"index, follow, max-snippet:-1, max-image-preview:large, max-video-preview:-1\" \/>\n<link rel=\"canonical\" href=\"https:\/\/www.fipavpugliamagazine.it\/2020\/2022\/11\/24\/24-11-2022-ilvolleyperfedericaeandrea-allarbitro-pugliese-denise-bianchi-il-premio-federica-de-luca-2022\/\" \/>\n<meta property=\"og:locale\" content=\"it_IT\" \/>\n<meta property=\"og:type\" content=\"article\" \/>\n<meta property=\"og:title\" content=\"24-11-2022: #ilvolleyperfedericaeandrea - All&#039;arbitro pugliese Denise Bianchi il premio &quot;Federica De Luca&quot; 2022 - Fipav Puglia Magazine\" \/>\n<meta property=\"og:description\" content=\"VideoIntervista a Letizia Genovese (Consigliere Nazionale FIPAV) -&gt; https:\/\/youtu.be\/U4gF3QuAjLIIntervista a Denise Bianchi (Premio Federica De Luca 2022) -&gt; https:\/\/youtu.be\/EARR-hfNwMg Il &#8220;Premio Federica De Luca&#8221; 2022 \u00e8 tornato in Puglia, nella terra tanto amata da Federica e dal suo piccolo Andrea scomparsi in una tragedia familiare nel 2016 e che la pallavolo ha deciso sin da [&hellip;]\" \/>\n<meta property=\"og:url\" content=\"https:\/\/www.fipavpugliamagazine.it\/2020\/2022\/11\/24\/24-11-2022-ilvolleyperfedericaeandrea-allarbitro-pugliese-denise-bianchi-il-premio-federica-de-luca-2022\/\" \/>\n<meta property=\"og:site_name\" content=\"Fipav Puglia Magazine\" \/>\n<meta property=\"article:publisher\" content=\"http:\/\/www.facebook.com\/fipavpuglia\" \/>\n<meta property=\"article:published_time\" content=\"2022-11-24T18:15:20+00:00\" \/>\n<meta property=\"article:modified_time\" content=\"2022-11-28T11:06:23+00:00\" \/>\n<meta property=\"og:image\" content=\"https:\/\/www.fipavpugliamagazine.it\/2020\/wp-content\/uploads\/2022\/11\/2022-11-23_PremioFedericaDeLuca2022_DeniseBianchi.jpg\" \/>\n\t<meta property=\"og:image:width\" content=\"2067\" \/>\n\t<meta property=\"og:image:height\" content=\"1161\" \/>\n\t<meta property=\"og:image:type\" content=\"image\/jpeg\" \/>\n<meta name=\"author\" content=\"Fabrizio D&#039;Alessandro\" \/>\n<meta name=\"twitter:card\" content=\"summary_large_image\" \/>\n<meta name=\"twitter:label1\" content=\"Scritto da\" \/>\n\t<meta name=\"twitter:data1\" content=\"Fabrizio D&#039;Alessandro\" \/>\n\t<meta name=\"twitter:label2\" content=\"Tempo di lettura stimato\" \/>\n\t<meta name=\"twitter:data2\" content=\"3 minuti\" \/>\n<script type=\"application\/ld+json\" class=\"yoast-schema-graph\">{\"@context\":\"https:\/\/schema.org\",\"@graph\":[{\"@type\":\"Article\",\"@id\":\"https:\/\/www.fipavpugliamagazine.it\/2020\/2022\/11\/24\/24-11-2022-ilvolleyperfedericaeandrea-allarbitro-pugliese-denise-bianchi-il-premio-federica-de-luca-2022\/#article\",\"isPartOf\":{\"@id\":\"https:\/\/www.fipavpugliamagazine.it\/2020\/2022\/11\/24\/24-11-2022-ilvolleyperfedericaeandrea-allarbitro-pugliese-denise-bianchi-il-premio-federica-de-luca-2022\/\"},\"author\":{\"name\":\"Fabrizio D'Alessandro\",\"@id\":\"https:\/\/www.fipavpugliamagazine.it\/2020\/#\/schema\/person\/3c77c3bc0e1b52b050936902c36fdc7e\"},\"headline\":\"24-11-2022: #ilvolleyperfedericaeandrea &#8211; All&#8217;arbitro pugliese Denise Bianchi il premio &#8220;Federica De Luca&#8221; 2022\",\"datePublished\":\"2022-11-24T18:15:20+00:00\",\"dateModified\":\"2022-11-28T11:06:23+00:00\",\"mainEntityOfPage\":{\"@id\":\"https:\/\/www.fipavpugliamagazine.it\/2020\/2022\/11\/24\/24-11-2022-ilvolleyperfedericaeandrea-allarbitro-pugliese-denise-bianchi-il-premio-federica-de-luca-2022\/\"},\"wordCount\":701,\"publisher\":{\"@id\":\"https:\/\/www.fipavpugliamagazine.it\/2020\/#organization\"},\"image\":{\"@id\":\"https:\/\/www.fipavpugliamagazine.it\/2020\/2022\/11\/24\/24-11-2022-ilvolleyperfedericaeandrea-allarbitro-pugliese-denise-bianchi-il-premio-federica-de-luca-2022\/#primaryimage\"},\"thumbnailUrl\":\"https:\/\/www.fipavpugliamagazine.it\/2020\/wp-content\/uploads\/2022\/11\/2022-11-23_PremioFedericaDeLuca2022_DeniseBianchi.jpg\",\"keywords\":[\"fipavpuglia\",\"flash\",\"ilvolleyperfedericaeandrea\"],\"articleSection\":[\"La Settimana di Federica 2022\"],\"inLanguage\":\"it-IT\"},{\"@type\":\"WebPage\",\"@id\":\"https:\/\/www.fipavpugliamagazine.it\/2020\/2022\/11\/24\/24-11-2022-ilvolleyperfedericaeandrea-allarbitro-pugliese-denise-bianchi-il-premio-federica-de-luca-2022\/\",\"url\":\"https:\/\/www.fipavpugliamagazine.it\/2020\/2022\/11\/24\/24-11-2022-ilvolleyperfedericaeandrea-allarbitro-pugliese-denise-bianchi-il-premio-federica-de-luca-2022\/\",\"name\":\"24-11-2022: #ilvolleyperfedericaeandrea - All'arbitro pugliese Denise Bianchi il premio \\\"Federica De Luca\\\" 2022 - Fipav Puglia Magazine\",\"isPartOf\":{\"@id\":\"https:\/\/www.fipavpugliamagazine.it\/2020\/#website\"},\"primaryImageOfPage\":{\"@id\":\"https:\/\/www.fipavpugliamagazine.it\/2020\/2022\/11\/24\/24-11-2022-ilvolleyperfedericaeandrea-allarbitro-pugliese-denise-bianchi-il-premio-federica-de-luca-2022\/#primaryimage\"},\"image\":{\"@id\":\"https:\/\/www.fipavpugliamagazine.it\/2020\/2022\/11\/24\/24-11-2022-ilvolleyperfedericaeandrea-allarbitro-pugliese-denise-bianchi-il-premio-federica-de-luca-2022\/#primaryimage\"},\"thumbnailUrl\":\"https:\/\/www.fipavpugliamagazine.it\/2020\/wp-content\/uploads\/2022\/11\/2022-11-23_PremioFedericaDeLuca2022_DeniseBianchi.jpg\",\"datePublished\":\"2022-11-24T18:15:20+00:00\",\"dateModified\":\"2022-11-28T11:06:23+00:00\",\"breadcrumb\":{\"@id\":\"https:\/\/www.fipavpugliamagazine.it\/2020\/2022\/11\/24\/24-11-2022-ilvolleyperfedericaeandrea-allarbitro-pugliese-denise-bianchi-il-premio-federica-de-luca-2022\/#breadcrumb\"},\"inLanguage\":\"it-IT\",\"potentialAction\":[{\"@type\":\"ReadAction\",\"target\":[\"https:\/\/www.fipavpugliamagazine.it\/2020\/2022\/11\/24\/24-11-2022-ilvolleyperfedericaeandrea-allarbitro-pugliese-denise-bianchi-il-premio-federica-de-luca-2022\/\"]}]},{\"@type\":\"ImageObject\",\"inLanguage\":\"it-IT\",\"@id\":\"https:\/\/www.fipavpugliamagazine.it\/2020\/2022\/11\/24\/24-11-2022-ilvolleyperfedericaeandrea-allarbitro-pugliese-denise-bianchi-il-premio-federica-de-luca-2022\/#primaryimage\",\"url\":\"https:\/\/www.fipavpugliamagazine.it\/2020\/wp-content\/uploads\/2022\/11\/2022-11-23_PremioFedericaDeLuca2022_DeniseBianchi.jpg\",\"contentUrl\":\"https:\/\/www.fipavpugliamagazine.it\/2020\/wp-content\/uploads\/2022\/11\/2022-11-23_PremioFedericaDeLuca2022_DeniseBianchi.jpg\",\"width\":2067,\"height\":1161},{\"@type\":\"BreadcrumbList\",\"@id\":\"https:\/\/www.fipavpugliamagazine.it\/2020\/2022\/11\/24\/24-11-2022-ilvolleyperfedericaeandrea-allarbitro-pugliese-denise-bianchi-il-premio-federica-de-luca-2022\/#breadcrumb\",\"itemListElement\":[{\"@type\":\"ListItem\",\"position\":1,\"name\":\"Home\",\"item\":\"https:\/\/www.fipavpugliamagazine.it\/2020\/\"},{\"@type\":\"ListItem\",\"position\":2,\"name\":\"24-11-2022: #ilvolleyperfedericaeandrea &#8211; All&#8217;arbitro pugliese Denise Bianchi il premio &#8220;Federica De Luca&#8221; 2022\"}]},{\"@type\":\"WebSite\",\"@id\":\"https:\/\/www.fipavpugliamagazine.it\/2020\/#website\",\"url\":\"https:\/\/www.fipavpugliamagazine.it\/2020\/\",\"name\":\"Fipav Puglia Magazine\",\"description\":\"Comunicazione CR FIPAV Puglia\",\"publisher\":{\"@id\":\"https:\/\/www.fipavpugliamagazine.it\/2020\/#organization\"},\"potentialAction\":[{\"@type\":\"SearchAction\",\"target\":{\"@type\":\"EntryPoint\",\"urlTemplate\":\"https:\/\/www.fipavpugliamagazine.it\/2020\/?s={search_term_string}\"},\"query-input\":{\"@type\":\"PropertyValueSpecification\",\"valueRequired\":true,\"valueName\":\"search_term_string\"}}],\"inLanguage\":\"it-IT\"},{\"@type\":\"Organization\",\"@id\":\"https:\/\/www.fipavpugliamagazine.it\/2020\/#organization\",\"name\":\"Fipav Puglia Magazine\",\"url\":\"https:\/\/www.fipavpugliamagazine.it\/2020\/\",\"logo\":{\"@type\":\"ImageObject\",\"inLanguage\":\"it-IT\",\"@id\":\"https:\/\/www.fipavpugliamagazine.it\/2020\/#\/schema\/logo\/image\/\",\"url\":\"https:\/\/www.fipavpugliamagazine.it\/2020\/wp-content\/uploads\/2025\/12\/LogoneFipavPuglia-scaled.png\",\"contentUrl\":\"https:\/\/www.fipavpugliamagazine.it\/2020\/wp-content\/uploads\/2025\/12\/LogoneFipavPuglia-scaled.png\",\"width\":2560,\"height\":2512,\"caption\":\"Fipav Puglia Magazine\"},\"image\":{\"@id\":\"https:\/\/www.fipavpugliamagazine.it\/2020\/#\/schema\/logo\/image\/\"},\"sameAs\":[\"http:\/\/www.facebook.com\/fipavpuglia\"]},{\"@type\":\"Person\",\"@id\":\"https:\/\/www.fipavpugliamagazine.it\/2020\/#\/schema\/person\/3c77c3bc0e1b52b050936902c36fdc7e\",\"name\":\"Fabrizio D'Alessandro\",\"image\":{\"@type\":\"ImageObject\",\"inLanguage\":\"it-IT\",\"@id\":\"https:\/\/www.fipavpugliamagazine.it\/2020\/#\/schema\/person\/image\/\",\"url\":\"https:\/\/secure.gravatar.com\/avatar\/b453c1e4fc54a13ec0d84b7dae2526113f311e2f22032eb2d267463ccd70d46f?s=96&d=mm&r=g\",\"contentUrl\":\"https:\/\/secure.gravatar.com\/avatar\/b453c1e4fc54a13ec0d84b7dae2526113f311e2f22032eb2d267463ccd70d46f?s=96&d=mm&r=g\",\"caption\":\"Fabrizio D'Alessandro\"},\"description\":\"Responsabile comunicazione CR FIPAV Puglia\",\"url\":\"https:\/\/www.fipavpugliamagazine.it\/2020\/author\/fabridal\/\"}]}<\/script>\n<!-- \/ Yoast SEO plugin. -->","yoast_head_json":{"title":"24-11-2022: #ilvolleyperfedericaeandrea - All'arbitro pugliese Denise Bianchi il premio \"Federica De Luca\" 2022 - Fipav Puglia Magazine","robots":{"index":"index","follow":"follow","max-snippet":"max-snippet:-1","max-image-preview":"max-image-preview:large","max-video-preview":"max-video-preview:-1"},"canonical":"https:\/\/www.fipavpugliamagazine.it\/2020\/2022\/11\/24\/24-11-2022-ilvolleyperfedericaeandrea-allarbitro-pugliese-denise-bianchi-il-premio-federica-de-luca-2022\/","og_locale":"it_IT","og_type":"article","og_title":"24-11-2022: #ilvolleyperfedericaeandrea - All'arbitro pugliese Denise Bianchi il premio \"Federica De Luca\" 2022 - Fipav Puglia Magazine","og_description":"VideoIntervista a Letizia Genovese (Consigliere Nazionale FIPAV) -&gt; https:\/\/youtu.be\/U4gF3QuAjLIIntervista a Denise Bianchi (Premio Federica De Luca 2022) -&gt; https:\/\/youtu.be\/EARR-hfNwMg Il &#8220;Premio Federica De Luca&#8221; 2022 \u00e8 tornato in Puglia, nella terra tanto amata da Federica e dal suo piccolo Andrea scomparsi in una tragedia familiare nel 2016 e che la pallavolo ha deciso sin da [&hellip;]","og_url":"https:\/\/www.fipavpugliamagazine.it\/2020\/2022\/11\/24\/24-11-2022-ilvolleyperfedericaeandrea-allarbitro-pugliese-denise-bianchi-il-premio-federica-de-luca-2022\/","og_site_name":"Fipav Puglia Magazine","article_publisher":"http:\/\/www.facebook.com\/fipavpuglia","article_published_time":"2022-11-24T18:15:20+00:00","article_modified_time":"2022-11-28T11:06:23+00:00","og_image":[{"width":2067,"height":1161,"url":"https:\/\/www.fipavpugliamagazine.it\/2020\/wp-content\/uploads\/2022\/11\/2022-11-23_PremioFedericaDeLuca2022_DeniseBianchi.jpg","type":"image\/jpeg"}],"author":"Fabrizio D'Alessandro","twitter_card":"summary_large_image","twitter_misc":{"Scritto da":"Fabrizio D'Alessandro","Tempo di lettura stimato":"3 minuti"},"schema":{"@context":"https:\/\/schema.org","@graph":[{"@type":"Article","@id":"https:\/\/www.fipavpugliamagazine.it\/2020\/2022\/11\/24\/24-11-2022-ilvolleyperfedericaeandrea-allarbitro-pugliese-denise-bianchi-il-premio-federica-de-luca-2022\/#article","isPartOf":{"@id":"https:\/\/www.fipavpugliamagazine.it\/2020\/2022\/11\/24\/24-11-2022-ilvolleyperfedericaeandrea-allarbitro-pugliese-denise-bianchi-il-premio-federica-de-luca-2022\/"},"author":{"name":"Fabrizio D'Alessandro","@id":"https:\/\/www.fipavpugliamagazine.it\/2020\/#\/schema\/person\/3c77c3bc0e1b52b050936902c36fdc7e"},"headline":"24-11-2022: #ilvolleyperfedericaeandrea &#8211; All&#8217;arbitro pugliese Denise Bianchi il premio &#8220;Federica De Luca&#8221; 2022","datePublished":"2022-11-24T18:15:20+00:00","dateModified":"2022-11-28T11:06:23+00:00","mainEntityOfPage":{"@id":"https:\/\/www.fipavpugliamagazine.it\/2020\/2022\/11\/24\/24-11-2022-ilvolleyperfedericaeandrea-allarbitro-pugliese-denise-bianchi-il-premio-federica-de-luca-2022\/"},"wordCount":701,"publisher":{"@id":"https:\/\/www.fipavpugliamagazine.it\/2020\/#organization"},"image":{"@id":"https:\/\/www.fipavpugliamagazine.it\/2020\/2022\/11\/24\/24-11-2022-ilvolleyperfedericaeandrea-allarbitro-pugliese-denise-bianchi-il-premio-federica-de-luca-2022\/#primaryimage"},"thumbnailUrl":"https:\/\/www.fipavpugliamagazine.it\/2020\/wp-content\/uploads\/2022\/11\/2022-11-23_PremioFedericaDeLuca2022_DeniseBianchi.jpg","keywords":["fipavpuglia","flash","ilvolleyperfedericaeandrea"],"articleSection":["La Settimana di Federica 2022"],"inLanguage":"it-IT"},{"@type":"WebPage","@id":"https:\/\/www.fipavpugliamagazine.it\/2020\/2022\/11\/24\/24-11-2022-ilvolleyperfedericaeandrea-allarbitro-pugliese-denise-bianchi-il-premio-federica-de-luca-2022\/","url":"https:\/\/www.fipavpugliamagazine.it\/2020\/2022\/11\/24\/24-11-2022-ilvolleyperfedericaeandrea-allarbitro-pugliese-denise-bianchi-il-premio-federica-de-luca-2022\/","name":"24-11-2022: #ilvolleyperfedericaeandrea - All'arbitro pugliese Denise Bianchi il premio \"Federica De Luca\" 2022 - Fipav Puglia Magazine","isPartOf":{"@id":"https:\/\/www.fipavpugliamagazine.it\/2020\/#website"},"primaryImageOfPage":{"@id":"https:\/\/www.fipavpugliamagazine.it\/2020\/2022\/11\/24\/24-11-2022-ilvolleyperfedericaeandrea-allarbitro-pugliese-denise-bianchi-il-premio-federica-de-luca-2022\/#primaryimage"},"image":{"@id":"https:\/\/www.fipavpugliamagazine.it\/2020\/2022\/11\/24\/24-11-2022-ilvolleyperfedericaeandrea-allarbitro-pugliese-denise-bianchi-il-premio-federica-de-luca-2022\/#primaryimage"},"thumbnailUrl":"https:\/\/www.fipavpugliamagazine.it\/2020\/wp-content\/uploads\/2022\/11\/2022-11-23_PremioFedericaDeLuca2022_DeniseBianchi.jpg","datePublished":"2022-11-24T18:15:20+00:00","dateModified":"2022-11-28T11:06:23+00:00","breadcrumb":{"@id":"https:\/\/www.fipavpugliamagazine.it\/2020\/2022\/11\/24\/24-11-2022-ilvolleyperfedericaeandrea-allarbitro-pugliese-denise-bianchi-il-premio-federica-de-luca-2022\/#breadcrumb"},"inLanguage":"it-IT","potentialAction":[{"@type":"ReadAction","target":["https:\/\/www.fipavpugliamagazine.it\/2020\/2022\/11\/24\/24-11-2022-ilvolleyperfedericaeandrea-allarbitro-pugliese-denise-bianchi-il-premio-federica-de-luca-2022\/"]}]},{"@type":"ImageObject","inLanguage":"it-IT","@id":"https:\/\/www.fipavpugliamagazine.it\/2020\/2022\/11\/24\/24-11-2022-ilvolleyperfedericaeandrea-allarbitro-pugliese-denise-bianchi-il-premio-federica-de-luca-2022\/#primaryimage","url":"https:\/\/www.fipavpugliamagazine.it\/2020\/wp-content\/uploads\/2022\/11\/2022-11-23_PremioFedericaDeLuca2022_DeniseBianchi.jpg","contentUrl":"https:\/\/www.fipavpugliamagazine.it\/2020\/wp-content\/uploads\/2022\/11\/2022-11-23_PremioFedericaDeLuca2022_DeniseBianchi.jpg","width":2067,"height":1161},{"@type":"BreadcrumbList","@id":"https:\/\/www.fipavpugliamagazine.it\/2020\/2022\/11\/24\/24-11-2022-ilvolleyperfedericaeandrea-allarbitro-pugliese-denise-bianchi-il-premio-federica-de-luca-2022\/#breadcrumb","itemListElement":[{"@type":"ListItem","position":1,"name":"Home","item":"https:\/\/www.fipavpugliamagazine.it\/2020\/"},{"@type":"ListItem","position":2,"name":"24-11-2022: #ilvolleyperfedericaeandrea &#8211; All&#8217;arbitro pugliese Denise Bianchi il premio &#8220;Federica De Luca&#8221; 2022"}]},{"@type":"WebSite","@id":"https:\/\/www.fipavpugliamagazine.it\/2020\/#website","url":"https:\/\/www.fipavpugliamagazine.it\/2020\/","name":"Fipav Puglia Magazine","description":"Comunicazione CR FIPAV Puglia","publisher":{"@id":"https:\/\/www.fipavpugliamagazine.it\/2020\/#organization"},"potentialAction":[{"@type":"SearchAction","target":{"@type":"EntryPoint","urlTemplate":"https:\/\/www.fipavpugliamagazine.it\/2020\/?s={search_term_string}"},"query-input":{"@type":"PropertyValueSpecification","valueRequired":true,"valueName":"search_term_string"}}],"inLanguage":"it-IT"},{"@type":"Organization","@id":"https:\/\/www.fipavpugliamagazine.it\/2020\/#organization","name":"Fipav Puglia Magazine","url":"https:\/\/www.fipavpugliamagazine.it\/2020\/","logo":{"@type":"ImageObject","inLanguage":"it-IT","@id":"https:\/\/www.fipavpugliamagazine.it\/2020\/#\/schema\/logo\/image\/","url":"https:\/\/www.fipavpugliamagazine.it\/2020\/wp-content\/uploads\/2025\/12\/LogoneFipavPuglia-scaled.png","contentUrl":"https:\/\/www.fipavpugliamagazine.it\/2020\/wp-content\/uploads\/2025\/12\/LogoneFipavPuglia-scaled.png","width":2560,"height":2512,"caption":"Fipav Puglia Magazine"},"image":{"@id":"https:\/\/www.fipavpugliamagazine.it\/2020\/#\/schema\/logo\/image\/"},"sameAs":["http:\/\/www.facebook.com\/fipavpuglia"]},{"@type":"Person","@id":"https:\/\/www.fipavpugliamagazine.it\/2020\/#\/schema\/person\/3c77c3bc0e1b52b050936902c36fdc7e","name":"Fabrizio D'Alessandro","image":{"@type":"ImageObject","inLanguage":"it-IT","@id":"https:\/\/www.fipavpugliamagazine.it\/2020\/#\/schema\/person\/image\/","url":"https:\/\/secure.gravatar.com\/avatar\/b453c1e4fc54a13ec0d84b7dae2526113f311e2f22032eb2d267463ccd70d46f?s=96&d=mm&r=g","contentUrl":"https:\/\/secure.gravatar.com\/avatar\/b453c1e4fc54a13ec0d84b7dae2526113f311e2f22032eb2d267463ccd70d46f?s=96&d=mm&r=g","caption":"Fabrizio D'Alessandro"},"description":"Responsabile comunicazione CR FIPAV Puglia","url":"https:\/\/www.fipavpugliamagazine.it\/2020\/author\/fabridal\/"}]}},"_links":{"self":[{"href":"https:\/\/www.fipavpugliamagazine.it\/2020\/wp-json\/wp\/v2\/posts\/3608","targetHints":{"allow":["GET"]}}],"collection":[{"href":"https:\/\/www.fipavpugliamagazine.it\/2020\/wp-json\/wp\/v2\/posts"}],"about":[{"href":"https:\/\/www.fipavpugliamagazine.it\/2020\/wp-json\/wp\/v2\/types\/post"}],"author":[{"embeddable":true,"href":"https:\/\/www.fipavpugliamagazine.it\/2020\/wp-json\/wp\/v2\/users\/1"}],"replies":[{"embeddable":true,"href":"https:\/\/www.fipavpugliamagazine.it\/2020\/wp-json\/wp\/v2\/comments?post=3608"}],"version-history":[{"count":2,"href":"https:\/\/www.fipavpugliamagazine.it\/2020\/wp-json\/wp\/v2\/posts\/3608\/revisions"}],"predecessor-version":[{"id":3611,"href":"https:\/\/www.fipavpugliamagazine.it\/2020\/wp-json\/wp\/v2\/posts\/3608\/revisions\/3611"}],"wp:featuredmedia":[{"embeddable":true,"href":"https:\/\/www.fipavpugliamagazine.it\/2020\/wp-json\/wp\/v2\/media\/3610"}],"wp:attachment":[{"href":"https:\/\/www.fipavpugliamagazine.it\/2020\/wp-json\/wp\/v2\/media?parent=3608"}],"wp:term":[{"taxonomy":"category","embeddable":true,"href":"https:\/\/www.fipavpugliamagazine.it\/2020\/wp-json\/wp\/v2\/categories?post=3608"},{"taxonomy":"post_tag","embeddable":true,"href":"https:\/\/www.fipavpugliamagazine.it\/2020\/wp-json\/wp\/v2\/tags?post=3608"}],"curies":[{"name":"wp","href":"https:\/\/api.w.org\/{rel}","templated":true}]}}