{"id":3585,"date":"2022-11-15T16:07:48","date_gmt":"2022-11-15T16:07:48","guid":{"rendered":"http:\/\/www.fipavpugliamagazine.it\/2020\/?p=3585"},"modified":"2022-11-28T11:07:24","modified_gmt":"2022-11-28T11:07:24","slug":"15-11-2022-ilvolleyperfedericaeandrea-da-lunedi-21-novembre-torna-la-settimana-di-federica-per-sensibilizzare-sul-tema-della-violenza-sulle-donne","status":"publish","type":"post","link":"https:\/\/www.fipavpugliamagazine.it\/2020\/2022\/11\/15\/15-11-2022-ilvolleyperfedericaeandrea-da-lunedi-21-novembre-torna-la-settimana-di-federica-per-sensibilizzare-sul-tema-della-violenza-sulle-donne\/","title":{"rendered":"15-11-2022: #ilvolleyperfedericaeandrea &#8211; Da luned\u00ec 21 novembre torna &#8220;La settimana di Federica&#8221; per sensibilizzare sul tema della violenza sulle donne"},"content":{"rendered":"\n<p>Torna in Puglia &#8220;La Settimana di Federica&#8221;, settimana indetta dal CR FIPAV Puglia per ricordare Federica De Luca, arbitro nazionale di ruolo B, e il suo piccolo Andrea, scomparsi nel 2016 in una tragedia familiare. Il tema centrale, come ogni anno, sar\u00e0 quello della violenza sulle donne, tema tanto attuale quanto delicato sul quale \u00e8 fondamentale diffondere e fare cultura soprattutto nelle scuole, nelle palestre, nelle nuove generazioni, al fine di dar forza a chi ne \u00e8 vittima per denunciare e porre fine a questo aspetto che tocca purtroppo ancora oggi tante donne.<br>Nel corso della settimana, come ogni anno, saranno tante anche le iniziative delle societ\u00e0 pugliesi sui campi con le gare che avranno inizio con un minuto di silenzio. La settimana sar\u00e0 raccontata sui social con l&#8217;hashtag <strong>#ilvolleyperfedericaeandrea<\/strong>.<br>&#8220;Lo sport come mezzo di&#8221;, raccontavamo proprio qualche mese fa con un progetto della FIPAV Puglia che ha fatto visita in tante scuole, universit\u00e0, teatri e luoghi di aggregazione dell&#8217;intera regione, perch\u00e8 lo Sport \u00e8 davvero un mezzo di trasmissione di valori.<br>Federica De Luca era un arbitro di pallavolo, pugliese e tarantina doc, che ha dedicato tempo e passione alla pallavolo. E&#8217; stata vittima nel 2016 di una tragedia familiare col suo piccolo Andrea e da quel momento \u00e8 nata una settimana interamente dedicata a lei, per non dimenticare, per urlare l&#8217;importanza della diffusione di questo tema. La Federazione Italiana Pallavolo, inoltre, ha indetto un premio dedicato a Federica, riconoscimento riservato all\u2019ufficiale di gara donna di categoria nazionale che si \u00e8 particolarmente distinto per l\u2019impegno e la passione a livello dirigenziale periferico durante il corso della stagione. Il prossimo premio sar\u00e0 assegnato a Trani in occasione di uno degli incontri programmati per la prossima settimana, in cui ricorre tra l&#8217;altro la giornata del 25 novembre contro la violenza sulle donne. Di seguito il calendario degli incontri de &#8220;La Settimana di Federica 2022&#8221;, giornate programmate tra scuole e palestre, tra incontri-dibattito sul tema e Feste di Volley S3 in palestra dedicate al piccolo Andrea. Nel corso degli incontri di Trani, Lecce e Monopoli interverranno i genitori di Federica De Luca, Enzo De Luca e Rita Lanzon che da anni stanno portando avanti questa battaglia a contatto con scuole e giovani per un&#8217;approfondita riflessione sul tema, insieme a loro nella tappa di Monopoli anche l&#8217;intervento dei responsabili dell&#8217;associazione &#8220;La forza delle donne&#8221;.<\/p>\n\n\n\n<p><strong>&#8220;La settimana di Federica&#8221; 2022<\/strong><\/p>\n\n\n\n<p><strong>Incontri sul tema della violenza sulle donne<\/strong><\/p>\n\n\n\n<ul class=\"wp-block-list\">\n<li>21 novembre 2022 &#8211; Incontro presso IISS V. Bachelet a Copertino (LE)<\/li>\n\n\n\n<li>23 novembre 2022 Incontro presso il Liceo \u201cF. De Sanctis\u201d a Trani (BAT) (presso la succursale dalle ore 9.30 alle 11.00 e presso la sede centrale dalle 11.30 alle 13.00 dove sar\u00e0 assegnato il &#8220;Premio Federica De Luca 2022&#8221;)<\/li>\n\n\n\n<li>24 novembre 2022 Incontro presso IISS Francesco Calasso a Lecce<\/li>\n\n\n\n<li>26 novembre 2022 Incontro presso il Liceo &#8220;G.Galilei &#8211; M.Curie&#8221; a Monopoli (BA)<\/li>\n<\/ul>\n\n\n\n<p><strong>Feste del Volley S3 in ricordo del piccolo Andrea<\/strong><\/p>\n\n\n\n<ul class=\"wp-block-list\">\n<li>25 novembre 2022 Festa del Volley S3 presso IC Pascoli a Noicattaro (BA)<\/li>\n\n\n\n<li>29 novembre 2022 Festa del Volley S3 presso IC Pende a Noicattaro (BA)<\/li>\n<\/ul>\n","protected":false},"excerpt":{"rendered":"<p>Torna in Puglia &#8220;La Settimana di Federica&#8221;, settimana indetta dal CR FIPAV Puglia per ricordare Federica De Luca, arbitro nazionale di ruolo B, e il suo piccolo Andrea, scomparsi nel 2016 in una tragedia familiare. Il tema centrale, come ogni anno, sar\u00e0 quello della violenza sulle donne, tema tanto attuale quanto delicato sul quale \u00e8 [&hellip;]<\/p>\n","protected":false},"author":1,"featured_media":3590,"comment_status":"closed","ping_status":"open","sticky":false,"template":"","format":"standard","meta":{"_monsterinsights_skip_tracking":false,"_monsterinsights_sitenote_active":false,"_monsterinsights_sitenote_note":"","_monsterinsights_sitenote_category":0,"tdm_status":"","tdm_grid_status":"","footnotes":""},"categories":[408],"tags":[19,16,59],"class_list":{"0":"post-3585","1":"post","2":"type-post","3":"status-publish","4":"format-standard","5":"has-post-thumbnail","7":"category-la-settimana-di-federica-2022","8":"tag-fipavpuglia","9":"tag-flash","10":"tag-ilvolleyperfedericaeandrea"},"yoast_head":"<!-- This site is optimized with the Yoast SEO plugin v26.6 - https:\/\/yoast.com\/wordpress\/plugins\/seo\/ -->\n<title>15-11-2022: #ilvolleyperfedericaeandrea - Da luned\u00ec 21 novembre torna &quot;La settimana di Federica&quot; per sensibilizzare sul tema della violenza sulle donne - Fipav Puglia Magazine<\/title>\n<meta name=\"robots\" content=\"index, follow, max-snippet:-1, max-image-preview:large, max-video-preview:-1\" \/>\n<link rel=\"canonical\" href=\"https:\/\/www.fipavpugliamagazine.it\/2020\/2022\/11\/15\/15-11-2022-ilvolleyperfedericaeandrea-da-lunedi-21-novembre-torna-la-settimana-di-federica-per-sensibilizzare-sul-tema-della-violenza-sulle-donne\/\" \/>\n<meta property=\"og:locale\" content=\"it_IT\" \/>\n<meta property=\"og:type\" content=\"article\" \/>\n<meta property=\"og:title\" content=\"15-11-2022: #ilvolleyperfedericaeandrea - Da luned\u00ec 21 novembre torna &quot;La settimana di Federica&quot; per sensibilizzare sul tema della violenza sulle donne - Fipav Puglia Magazine\" \/>\n<meta property=\"og:description\" content=\"Torna in Puglia &#8220;La Settimana di Federica&#8221;, settimana indetta dal CR FIPAV Puglia per ricordare Federica De Luca, arbitro nazionale di ruolo B, e il suo piccolo Andrea, scomparsi nel 2016 in una tragedia familiare. Il tema centrale, come ogni anno, sar\u00e0 quello della violenza sulle donne, tema tanto attuale quanto delicato sul quale \u00e8 [&hellip;]\" \/>\n<meta property=\"og:url\" content=\"https:\/\/www.fipavpugliamagazine.it\/2020\/2022\/11\/15\/15-11-2022-ilvolleyperfedericaeandrea-da-lunedi-21-novembre-torna-la-settimana-di-federica-per-sensibilizzare-sul-tema-della-violenza-sulle-donne\/\" \/>\n<meta property=\"og:site_name\" content=\"Fipav Puglia Magazine\" \/>\n<meta property=\"article:publisher\" content=\"http:\/\/www.facebook.com\/fipavpuglia\" \/>\n<meta property=\"article:published_time\" content=\"2022-11-15T16:07:48+00:00\" \/>\n<meta property=\"article:modified_time\" content=\"2022-11-28T11:07:24+00:00\" \/>\n<meta property=\"og:image\" content=\"https:\/\/www.fipavpugliamagazine.it\/2020\/wp-content\/uploads\/2022\/11\/LocOrizz.jpg\" \/>\n\t<meta property=\"og:image:width\" content=\"1920\" \/>\n\t<meta property=\"og:image:height\" content=\"1080\" \/>\n\t<meta property=\"og:image:type\" content=\"image\/jpeg\" \/>\n<meta name=\"author\" content=\"Fabrizio D&#039;Alessandro\" \/>\n<meta name=\"twitter:card\" content=\"summary_large_image\" \/>\n<meta name=\"twitter:label1\" content=\"Scritto da\" \/>\n\t<meta name=\"twitter:data1\" content=\"Fabrizio D&#039;Alessandro\" \/>\n\t<meta name=\"twitter:label2\" content=\"Tempo di lettura stimato\" \/>\n\t<meta name=\"twitter:data2\" content=\"2 minuti\" \/>\n<script type=\"application\/ld+json\" class=\"yoast-schema-graph\">{\"@context\":\"https:\/\/schema.org\",\"@graph\":[{\"@type\":\"Article\",\"@id\":\"https:\/\/www.fipavpugliamagazine.it\/2020\/2022\/11\/15\/15-11-2022-ilvolleyperfedericaeandrea-da-lunedi-21-novembre-torna-la-settimana-di-federica-per-sensibilizzare-sul-tema-della-violenza-sulle-donne\/#article\",\"isPartOf\":{\"@id\":\"https:\/\/www.fipavpugliamagazine.it\/2020\/2022\/11\/15\/15-11-2022-ilvolleyperfedericaeandrea-da-lunedi-21-novembre-torna-la-settimana-di-federica-per-sensibilizzare-sul-tema-della-violenza-sulle-donne\/\"},\"author\":{\"name\":\"Fabrizio D'Alessandro\",\"@id\":\"https:\/\/www.fipavpugliamagazine.it\/2020\/#\/schema\/person\/3c77c3bc0e1b52b050936902c36fdc7e\"},\"headline\":\"15-11-2022: #ilvolleyperfedericaeandrea &#8211; Da luned\u00ec 21 novembre torna &#8220;La settimana di Federica&#8221; per sensibilizzare sul tema della violenza sulle donne\",\"datePublished\":\"2022-11-15T16:07:48+00:00\",\"dateModified\":\"2022-11-28T11:07:24+00:00\",\"mainEntityOfPage\":{\"@id\":\"https:\/\/www.fipavpugliamagazine.it\/2020\/2022\/11\/15\/15-11-2022-ilvolleyperfedericaeandrea-da-lunedi-21-novembre-torna-la-settimana-di-federica-per-sensibilizzare-sul-tema-della-violenza-sulle-donne\/\"},\"wordCount\":516,\"publisher\":{\"@id\":\"https:\/\/www.fipavpugliamagazine.it\/2020\/#organization\"},\"image\":{\"@id\":\"https:\/\/www.fipavpugliamagazine.it\/2020\/2022\/11\/15\/15-11-2022-ilvolleyperfedericaeandrea-da-lunedi-21-novembre-torna-la-settimana-di-federica-per-sensibilizzare-sul-tema-della-violenza-sulle-donne\/#primaryimage\"},\"thumbnailUrl\":\"https:\/\/www.fipavpugliamagazine.it\/2020\/wp-content\/uploads\/2022\/11\/LocOrizz.jpg\",\"keywords\":[\"fipavpuglia\",\"flash\",\"ilvolleyperfedericaeandrea\"],\"articleSection\":[\"La Settimana di Federica 2022\"],\"inLanguage\":\"it-IT\"},{\"@type\":\"WebPage\",\"@id\":\"https:\/\/www.fipavpugliamagazine.it\/2020\/2022\/11\/15\/15-11-2022-ilvolleyperfedericaeandrea-da-lunedi-21-novembre-torna-la-settimana-di-federica-per-sensibilizzare-sul-tema-della-violenza-sulle-donne\/\",\"url\":\"https:\/\/www.fipavpugliamagazine.it\/2020\/2022\/11\/15\/15-11-2022-ilvolleyperfedericaeandrea-da-lunedi-21-novembre-torna-la-settimana-di-federica-per-sensibilizzare-sul-tema-della-violenza-sulle-donne\/\",\"name\":\"15-11-2022: #ilvolleyperfedericaeandrea - Da luned\u00ec 21 novembre torna \\\"La settimana di Federica\\\" per sensibilizzare sul tema della violenza sulle donne - Fipav Puglia Magazine\",\"isPartOf\":{\"@id\":\"https:\/\/www.fipavpugliamagazine.it\/2020\/#website\"},\"primaryImageOfPage\":{\"@id\":\"https:\/\/www.fipavpugliamagazine.it\/2020\/2022\/11\/15\/15-11-2022-ilvolleyperfedericaeandrea-da-lunedi-21-novembre-torna-la-settimana-di-federica-per-sensibilizzare-sul-tema-della-violenza-sulle-donne\/#primaryimage\"},\"image\":{\"@id\":\"https:\/\/www.fipavpugliamagazine.it\/2020\/2022\/11\/15\/15-11-2022-ilvolleyperfedericaeandrea-da-lunedi-21-novembre-torna-la-settimana-di-federica-per-sensibilizzare-sul-tema-della-violenza-sulle-donne\/#primaryimage\"},\"thumbnailUrl\":\"https:\/\/www.fipavpugliamagazine.it\/2020\/wp-content\/uploads\/2022\/11\/LocOrizz.jpg\",\"datePublished\":\"2022-11-15T16:07:48+00:00\",\"dateModified\":\"2022-11-28T11:07:24+00:00\",\"breadcrumb\":{\"@id\":\"https:\/\/www.fipavpugliamagazine.it\/2020\/2022\/11\/15\/15-11-2022-ilvolleyperfedericaeandrea-da-lunedi-21-novembre-torna-la-settimana-di-federica-per-sensibilizzare-sul-tema-della-violenza-sulle-donne\/#breadcrumb\"},\"inLanguage\":\"it-IT\",\"potentialAction\":[{\"@type\":\"ReadAction\",\"target\":[\"https:\/\/www.fipavpugliamagazine.it\/2020\/2022\/11\/15\/15-11-2022-ilvolleyperfedericaeandrea-da-lunedi-21-novembre-torna-la-settimana-di-federica-per-sensibilizzare-sul-tema-della-violenza-sulle-donne\/\"]}]},{\"@type\":\"ImageObject\",\"inLanguage\":\"it-IT\",\"@id\":\"https:\/\/www.fipavpugliamagazine.it\/2020\/2022\/11\/15\/15-11-2022-ilvolleyperfedericaeandrea-da-lunedi-21-novembre-torna-la-settimana-di-federica-per-sensibilizzare-sul-tema-della-violenza-sulle-donne\/#primaryimage\",\"url\":\"https:\/\/www.fipavpugliamagazine.it\/2020\/wp-content\/uploads\/2022\/11\/LocOrizz.jpg\",\"contentUrl\":\"https:\/\/www.fipavpugliamagazine.it\/2020\/wp-content\/uploads\/2022\/11\/LocOrizz.jpg\",\"width\":1920,\"height\":1080},{\"@type\":\"BreadcrumbList\",\"@id\":\"https:\/\/www.fipavpugliamagazine.it\/2020\/2022\/11\/15\/15-11-2022-ilvolleyperfedericaeandrea-da-lunedi-21-novembre-torna-la-settimana-di-federica-per-sensibilizzare-sul-tema-della-violenza-sulle-donne\/#breadcrumb\",\"itemListElement\":[{\"@type\":\"ListItem\",\"position\":1,\"name\":\"Home\",\"item\":\"https:\/\/www.fipavpugliamagazine.it\/2020\/\"},{\"@type\":\"ListItem\",\"position\":2,\"name\":\"15-11-2022: #ilvolleyperfedericaeandrea &#8211; Da luned\u00ec 21 novembre torna &#8220;La settimana di Federica&#8221; per sensibilizzare sul tema della violenza sulle donne\"}]},{\"@type\":\"WebSite\",\"@id\":\"https:\/\/www.fipavpugliamagazine.it\/2020\/#website\",\"url\":\"https:\/\/www.fipavpugliamagazine.it\/2020\/\",\"name\":\"Fipav Puglia Magazine\",\"description\":\"Comunicazione CR FIPAV Puglia\",\"publisher\":{\"@id\":\"https:\/\/www.fipavpugliamagazine.it\/2020\/#organization\"},\"potentialAction\":[{\"@type\":\"SearchAction\",\"target\":{\"@type\":\"EntryPoint\",\"urlTemplate\":\"https:\/\/www.fipavpugliamagazine.it\/2020\/?s={search_term_string}\"},\"query-input\":{\"@type\":\"PropertyValueSpecification\",\"valueRequired\":true,\"valueName\":\"search_term_string\"}}],\"inLanguage\":\"it-IT\"},{\"@type\":\"Organization\",\"@id\":\"https:\/\/www.fipavpugliamagazine.it\/2020\/#organization\",\"name\":\"Fipav Puglia Magazine\",\"url\":\"https:\/\/www.fipavpugliamagazine.it\/2020\/\",\"logo\":{\"@type\":\"ImageObject\",\"inLanguage\":\"it-IT\",\"@id\":\"https:\/\/www.fipavpugliamagazine.it\/2020\/#\/schema\/logo\/image\/\",\"url\":\"https:\/\/www.fipavpugliamagazine.it\/2020\/wp-content\/uploads\/2025\/12\/LogoneFipavPuglia-scaled.png\",\"contentUrl\":\"https:\/\/www.fipavpugliamagazine.it\/2020\/wp-content\/uploads\/2025\/12\/LogoneFipavPuglia-scaled.png\",\"width\":2560,\"height\":2512,\"caption\":\"Fipav Puglia Magazine\"},\"image\":{\"@id\":\"https:\/\/www.fipavpugliamagazine.it\/2020\/#\/schema\/logo\/image\/\"},\"sameAs\":[\"http:\/\/www.facebook.com\/fipavpuglia\"]},{\"@type\":\"Person\",\"@id\":\"https:\/\/www.fipavpugliamagazine.it\/2020\/#\/schema\/person\/3c77c3bc0e1b52b050936902c36fdc7e\",\"name\":\"Fabrizio D'Alessandro\",\"image\":{\"@type\":\"ImageObject\",\"inLanguage\":\"it-IT\",\"@id\":\"https:\/\/www.fipavpugliamagazine.it\/2020\/#\/schema\/person\/image\/\",\"url\":\"https:\/\/secure.gravatar.com\/avatar\/b453c1e4fc54a13ec0d84b7dae2526113f311e2f22032eb2d267463ccd70d46f?s=96&d=mm&r=g\",\"contentUrl\":\"https:\/\/secure.gravatar.com\/avatar\/b453c1e4fc54a13ec0d84b7dae2526113f311e2f22032eb2d267463ccd70d46f?s=96&d=mm&r=g\",\"caption\":\"Fabrizio D'Alessandro\"},\"description\":\"Responsabile comunicazione CR FIPAV Puglia\",\"url\":\"https:\/\/www.fipavpugliamagazine.it\/2020\/author\/fabridal\/\"}]}<\/script>\n<!-- \/ Yoast SEO plugin. -->","yoast_head_json":{"title":"15-11-2022: #ilvolleyperfedericaeandrea - Da luned\u00ec 21 novembre torna \"La settimana di Federica\" per sensibilizzare sul tema della violenza sulle donne - Fipav Puglia Magazine","robots":{"index":"index","follow":"follow","max-snippet":"max-snippet:-1","max-image-preview":"max-image-preview:large","max-video-preview":"max-video-preview:-1"},"canonical":"https:\/\/www.fipavpugliamagazine.it\/2020\/2022\/11\/15\/15-11-2022-ilvolleyperfedericaeandrea-da-lunedi-21-novembre-torna-la-settimana-di-federica-per-sensibilizzare-sul-tema-della-violenza-sulle-donne\/","og_locale":"it_IT","og_type":"article","og_title":"15-11-2022: #ilvolleyperfedericaeandrea - Da luned\u00ec 21 novembre torna \"La settimana di Federica\" per sensibilizzare sul tema della violenza sulle donne - Fipav Puglia Magazine","og_description":"Torna in Puglia &#8220;La Settimana di Federica&#8221;, settimana indetta dal CR FIPAV Puglia per ricordare Federica De Luca, arbitro nazionale di ruolo B, e il suo piccolo Andrea, scomparsi nel 2016 in una tragedia familiare. Il tema centrale, come ogni anno, sar\u00e0 quello della violenza sulle donne, tema tanto attuale quanto delicato sul quale \u00e8 [&hellip;]","og_url":"https:\/\/www.fipavpugliamagazine.it\/2020\/2022\/11\/15\/15-11-2022-ilvolleyperfedericaeandrea-da-lunedi-21-novembre-torna-la-settimana-di-federica-per-sensibilizzare-sul-tema-della-violenza-sulle-donne\/","og_site_name":"Fipav Puglia Magazine","article_publisher":"http:\/\/www.facebook.com\/fipavpuglia","article_published_time":"2022-11-15T16:07:48+00:00","article_modified_time":"2022-11-28T11:07:24+00:00","og_image":[{"width":1920,"height":1080,"url":"https:\/\/www.fipavpugliamagazine.it\/2020\/wp-content\/uploads\/2022\/11\/LocOrizz.jpg","type":"image\/jpeg"}],"author":"Fabrizio D'Alessandro","twitter_card":"summary_large_image","twitter_misc":{"Scritto da":"Fabrizio D'Alessandro","Tempo di lettura stimato":"2 minuti"},"schema":{"@context":"https:\/\/schema.org","@graph":[{"@type":"Article","@id":"https:\/\/www.fipavpugliamagazine.it\/2020\/2022\/11\/15\/15-11-2022-ilvolleyperfedericaeandrea-da-lunedi-21-novembre-torna-la-settimana-di-federica-per-sensibilizzare-sul-tema-della-violenza-sulle-donne\/#article","isPartOf":{"@id":"https:\/\/www.fipavpugliamagazine.it\/2020\/2022\/11\/15\/15-11-2022-ilvolleyperfedericaeandrea-da-lunedi-21-novembre-torna-la-settimana-di-federica-per-sensibilizzare-sul-tema-della-violenza-sulle-donne\/"},"author":{"name":"Fabrizio D'Alessandro","@id":"https:\/\/www.fipavpugliamagazine.it\/2020\/#\/schema\/person\/3c77c3bc0e1b52b050936902c36fdc7e"},"headline":"15-11-2022: #ilvolleyperfedericaeandrea &#8211; Da luned\u00ec 21 novembre torna &#8220;La settimana di Federica&#8221; per sensibilizzare sul tema della violenza sulle donne","datePublished":"2022-11-15T16:07:48+00:00","dateModified":"2022-11-28T11:07:24+00:00","mainEntityOfPage":{"@id":"https:\/\/www.fipavpugliamagazine.it\/2020\/2022\/11\/15\/15-11-2022-ilvolleyperfedericaeandrea-da-lunedi-21-novembre-torna-la-settimana-di-federica-per-sensibilizzare-sul-tema-della-violenza-sulle-donne\/"},"wordCount":516,"publisher":{"@id":"https:\/\/www.fipavpugliamagazine.it\/2020\/#organization"},"image":{"@id":"https:\/\/www.fipavpugliamagazine.it\/2020\/2022\/11\/15\/15-11-2022-ilvolleyperfedericaeandrea-da-lunedi-21-novembre-torna-la-settimana-di-federica-per-sensibilizzare-sul-tema-della-violenza-sulle-donne\/#primaryimage"},"thumbnailUrl":"https:\/\/www.fipavpugliamagazine.it\/2020\/wp-content\/uploads\/2022\/11\/LocOrizz.jpg","keywords":["fipavpuglia","flash","ilvolleyperfedericaeandrea"],"articleSection":["La Settimana di Federica 2022"],"inLanguage":"it-IT"},{"@type":"WebPage","@id":"https:\/\/www.fipavpugliamagazine.it\/2020\/2022\/11\/15\/15-11-2022-ilvolleyperfedericaeandrea-da-lunedi-21-novembre-torna-la-settimana-di-federica-per-sensibilizzare-sul-tema-della-violenza-sulle-donne\/","url":"https:\/\/www.fipavpugliamagazine.it\/2020\/2022\/11\/15\/15-11-2022-ilvolleyperfedericaeandrea-da-lunedi-21-novembre-torna-la-settimana-di-federica-per-sensibilizzare-sul-tema-della-violenza-sulle-donne\/","name":"15-11-2022: #ilvolleyperfedericaeandrea - Da luned\u00ec 21 novembre torna \"La settimana di Federica\" per sensibilizzare sul tema della violenza sulle donne - Fipav Puglia Magazine","isPartOf":{"@id":"https:\/\/www.fipavpugliamagazine.it\/2020\/#website"},"primaryImageOfPage":{"@id":"https:\/\/www.fipavpugliamagazine.it\/2020\/2022\/11\/15\/15-11-2022-ilvolleyperfedericaeandrea-da-lunedi-21-novembre-torna-la-settimana-di-federica-per-sensibilizzare-sul-tema-della-violenza-sulle-donne\/#primaryimage"},"image":{"@id":"https:\/\/www.fipavpugliamagazine.it\/2020\/2022\/11\/15\/15-11-2022-ilvolleyperfedericaeandrea-da-lunedi-21-novembre-torna-la-settimana-di-federica-per-sensibilizzare-sul-tema-della-violenza-sulle-donne\/#primaryimage"},"thumbnailUrl":"https:\/\/www.fipavpugliamagazine.it\/2020\/wp-content\/uploads\/2022\/11\/LocOrizz.jpg","datePublished":"2022-11-15T16:07:48+00:00","dateModified":"2022-11-28T11:07:24+00:00","breadcrumb":{"@id":"https:\/\/www.fipavpugliamagazine.it\/2020\/2022\/11\/15\/15-11-2022-ilvolleyperfedericaeandrea-da-lunedi-21-novembre-torna-la-settimana-di-federica-per-sensibilizzare-sul-tema-della-violenza-sulle-donne\/#breadcrumb"},"inLanguage":"it-IT","potentialAction":[{"@type":"ReadAction","target":["https:\/\/www.fipavpugliamagazine.it\/2020\/2022\/11\/15\/15-11-2022-ilvolleyperfedericaeandrea-da-lunedi-21-novembre-torna-la-settimana-di-federica-per-sensibilizzare-sul-tema-della-violenza-sulle-donne\/"]}]},{"@type":"ImageObject","inLanguage":"it-IT","@id":"https:\/\/www.fipavpugliamagazine.it\/2020\/2022\/11\/15\/15-11-2022-ilvolleyperfedericaeandrea-da-lunedi-21-novembre-torna-la-settimana-di-federica-per-sensibilizzare-sul-tema-della-violenza-sulle-donne\/#primaryimage","url":"https:\/\/www.fipavpugliamagazine.it\/2020\/wp-content\/uploads\/2022\/11\/LocOrizz.jpg","contentUrl":"https:\/\/www.fipavpugliamagazine.it\/2020\/wp-content\/uploads\/2022\/11\/LocOrizz.jpg","width":1920,"height":1080},{"@type":"BreadcrumbList","@id":"https:\/\/www.fipavpugliamagazine.it\/2020\/2022\/11\/15\/15-11-2022-ilvolleyperfedericaeandrea-da-lunedi-21-novembre-torna-la-settimana-di-federica-per-sensibilizzare-sul-tema-della-violenza-sulle-donne\/#breadcrumb","itemListElement":[{"@type":"ListItem","position":1,"name":"Home","item":"https:\/\/www.fipavpugliamagazine.it\/2020\/"},{"@type":"ListItem","position":2,"name":"15-11-2022: #ilvolleyperfedericaeandrea &#8211; Da luned\u00ec 21 novembre torna &#8220;La settimana di Federica&#8221; per sensibilizzare sul tema della violenza sulle donne"}]},{"@type":"WebSite","@id":"https:\/\/www.fipavpugliamagazine.it\/2020\/#website","url":"https:\/\/www.fipavpugliamagazine.it\/2020\/","name":"Fipav Puglia Magazine","description":"Comunicazione CR FIPAV Puglia","publisher":{"@id":"https:\/\/www.fipavpugliamagazine.it\/2020\/#organization"},"potentialAction":[{"@type":"SearchAction","target":{"@type":"EntryPoint","urlTemplate":"https:\/\/www.fipavpugliamagazine.it\/2020\/?s={search_term_string}"},"query-input":{"@type":"PropertyValueSpecification","valueRequired":true,"valueName":"search_term_string"}}],"inLanguage":"it-IT"},{"@type":"Organization","@id":"https:\/\/www.fipavpugliamagazine.it\/2020\/#organization","name":"Fipav Puglia Magazine","url":"https:\/\/www.fipavpugliamagazine.it\/2020\/","logo":{"@type":"ImageObject","inLanguage":"it-IT","@id":"https:\/\/www.fipavpugliamagazine.it\/2020\/#\/schema\/logo\/image\/","url":"https:\/\/www.fipavpugliamagazine.it\/2020\/wp-content\/uploads\/2025\/12\/LogoneFipavPuglia-scaled.png","contentUrl":"https:\/\/www.fipavpugliamagazine.it\/2020\/wp-content\/uploads\/2025\/12\/LogoneFipavPuglia-scaled.png","width":2560,"height":2512,"caption":"Fipav Puglia Magazine"},"image":{"@id":"https:\/\/www.fipavpugliamagazine.it\/2020\/#\/schema\/logo\/image\/"},"sameAs":["http:\/\/www.facebook.com\/fipavpuglia"]},{"@type":"Person","@id":"https:\/\/www.fipavpugliamagazine.it\/2020\/#\/schema\/person\/3c77c3bc0e1b52b050936902c36fdc7e","name":"Fabrizio D'Alessandro","image":{"@type":"ImageObject","inLanguage":"it-IT","@id":"https:\/\/www.fipavpugliamagazine.it\/2020\/#\/schema\/person\/image\/","url":"https:\/\/secure.gravatar.com\/avatar\/b453c1e4fc54a13ec0d84b7dae2526113f311e2f22032eb2d267463ccd70d46f?s=96&d=mm&r=g","contentUrl":"https:\/\/secure.gravatar.com\/avatar\/b453c1e4fc54a13ec0d84b7dae2526113f311e2f22032eb2d267463ccd70d46f?s=96&d=mm&r=g","caption":"Fabrizio D'Alessandro"},"description":"Responsabile comunicazione CR FIPAV Puglia","url":"https:\/\/www.fipavpugliamagazine.it\/2020\/author\/fabridal\/"}]}},"_links":{"self":[{"href":"https:\/\/www.fipavpugliamagazine.it\/2020\/wp-json\/wp\/v2\/posts\/3585","targetHints":{"allow":["GET"]}}],"collection":[{"href":"https:\/\/www.fipavpugliamagazine.it\/2020\/wp-json\/wp\/v2\/posts"}],"about":[{"href":"https:\/\/www.fipavpugliamagazine.it\/2020\/wp-json\/wp\/v2\/types\/post"}],"author":[{"embeddable":true,"href":"https:\/\/www.fipavpugliamagazine.it\/2020\/wp-json\/wp\/v2\/users\/1"}],"replies":[{"embeddable":true,"href":"https:\/\/www.fipavpugliamagazine.it\/2020\/wp-json\/wp\/v2\/comments?post=3585"}],"version-history":[{"count":3,"href":"https:\/\/www.fipavpugliamagazine.it\/2020\/wp-json\/wp\/v2\/posts\/3585\/revisions"}],"predecessor-version":[{"id":3591,"href":"https:\/\/www.fipavpugliamagazine.it\/2020\/wp-json\/wp\/v2\/posts\/3585\/revisions\/3591"}],"wp:featuredmedia":[{"embeddable":true,"href":"https:\/\/www.fipavpugliamagazine.it\/2020\/wp-json\/wp\/v2\/media\/3590"}],"wp:attachment":[{"href":"https:\/\/www.fipavpugliamagazine.it\/2020\/wp-json\/wp\/v2\/media?parent=3585"}],"wp:term":[{"taxonomy":"category","embeddable":true,"href":"https:\/\/www.fipavpugliamagazine.it\/2020\/wp-json\/wp\/v2\/categories?post=3585"},{"taxonomy":"post_tag","embeddable":true,"href":"https:\/\/www.fipavpugliamagazine.it\/2020\/wp-json\/wp\/v2\/tags?post=3585"}],"curies":[{"name":"wp","href":"https:\/\/api.w.org\/{rel}","templated":true}]}}