{"id":355,"date":"2019-10-08T10:29:00","date_gmt":"2019-10-08T10:29:00","guid":{"rendered":"http:\/\/www.fipavpugliamagazine.it\/2020\/?p=355"},"modified":"2020-03-06T10:30:40","modified_gmt":"2020-03-06T10:30:40","slug":"08-10-2019-fipavpuglia-a-rachela-pristera-il-premio-federica-de-luca-2019","status":"publish","type":"post","link":"https:\/\/www.fipavpugliamagazine.it\/2020\/2019\/10\/08\/08-10-2019-fipavpuglia-a-rachela-pristera-il-premio-federica-de-luca-2019\/","title":{"rendered":"08-10-2019: #fipavpuglia &#8211; A Rachela Prister\u00e0 il premio Federica De Luca 2019"},"content":{"rendered":"\n<p><strong>A Rachela Prister\u00e0 il Premio Federica De Luca 2019<\/strong><\/p>\n\n\n\n<p>E&#8217; stato assegnato a Rachela Prister\u00e0, arbitro nazionale di ruolo A dal 2010, il Premio Federica De Luca 2019 riservato all&#8217;ufficiale di gara donna di categoria nazionale che si \u00e8 particolarmente distinto per l&#8217;impegno e la passione a livello dirigenziale periferico durante il corso della stagione. Il Premio, giunto alla sua seconda edizione, \u00e8 stato indetto dalla Federazione Italiana Pallavolo anche sensibilizzare l&#8217;attenzione su una tematica ormai sempre pi\u00f9 importante &#8220;La lotta alla violenza sulle donne&#8221;. Prister\u00e0, che ricopre anche il ruolo di Responsabile Regionale Ufficiali di Gara del Piemonte, ha ricevuto il premio a Martina Franca (TA) in occasione del raduno Ufficiali di Gara di ruolo B tenutosi sabato 5 e domenica 6 ottobre, alla presenza del responsabile Ufficiali di Gara nazionale FIPAV Luigi Roccatto, l&#8217;ex responsabile Domenico De Luca, l&#8217;arbitro internazionale Stefano Cesare, i membri della Commissione Ruolo B Gianni Landi e Alberto Falzoni, oltre alle autorit\u00e0 federali locali Paolo Indiveri (Presidente CR FIPAV Puglia) e Cosimo Tarantino (Presidente CT FIPAV Taranto). Presenti anche i genitori di Federica De Luca che hanno ricevuto l&#8217;abbraccio di tutti i presenti nel ricordo dell&#8217;indimenticato arbitro pugliese scomparsa tragicamente insieme al piccolo Andrea nel 2016. Il CR FIPAV Puglia, insieme a tutta la pallavolo pugliese, ricorder\u00e0 Federica e il piccolo Andrea nel consueto appuntamento con &#8220;La Settimana di Federica&#8221;, in programma da luned\u00ec 25 novembre a domenica 1 dicembre 2019.<\/p>\n\n\n\n<p>Il servizio sul raduno Ufficiali di Gara di ruolo B a Martina Franca -&gt;&nbsp;<a href=\"https:\/\/youtu.be\/SH1pcSt4Abc\">https:\/\/youtu.be\/SH1pcSt4Abc<\/a><\/p>\n","protected":false},"excerpt":{"rendered":"<p>A Rachela Prister\u00e0 il Premio Federica De Luca 2019 E&#8217; stato assegnato a Rachela Prister\u00e0, arbitro nazionale di ruolo A dal 2010, il Premio Federica De Luca 2019 riservato all&#8217;ufficiale di gara donna di categoria nazionale che si \u00e8 particolarmente distinto per l&#8217;impegno e la passione a livello dirigenziale periferico durante il corso della stagione. [&hellip;]<\/p>\n","protected":false},"author":1,"featured_media":356,"comment_status":"closed","ping_status":"open","sticky":false,"template":"","format":"standard","meta":{"_monsterinsights_skip_tracking":false,"_monsterinsights_sitenote_active":false,"_monsterinsights_sitenote_note":"","_monsterinsights_sitenote_category":0,"tdm_status":"","tdm_grid_status":"","footnotes":""},"categories":[4],"tags":[19,59,15],"class_list":{"0":"post-355","1":"post","2":"type-post","3":"status-publish","4":"format-standard","5":"has-post-thumbnail","7":"category-news-puglia-2019-2020","8":"tag-fipavpuglia","9":"tag-ilvolleyperfedericaeandrea","10":"tag-top"},"yoast_head":"<!-- This site is optimized with the Yoast SEO plugin v26.6 - https:\/\/yoast.com\/wordpress\/plugins\/seo\/ -->\n<title>08-10-2019: #fipavpuglia - A Rachela Prister\u00e0 il premio Federica De Luca 2019 - Fipav Puglia Magazine<\/title>\n<meta name=\"robots\" content=\"index, follow, max-snippet:-1, max-image-preview:large, max-video-preview:-1\" \/>\n<link rel=\"canonical\" href=\"https:\/\/www.fipavpugliamagazine.it\/2020\/2019\/10\/08\/08-10-2019-fipavpuglia-a-rachela-pristera-il-premio-federica-de-luca-2019\/\" \/>\n<meta property=\"og:locale\" content=\"it_IT\" \/>\n<meta property=\"og:type\" content=\"article\" \/>\n<meta property=\"og:title\" content=\"08-10-2019: #fipavpuglia - A Rachela Prister\u00e0 il premio Federica De Luca 2019 - Fipav Puglia Magazine\" \/>\n<meta property=\"og:description\" content=\"A Rachela Prister\u00e0 il Premio Federica De Luca 2019 E&#8217; stato assegnato a Rachela Prister\u00e0, arbitro nazionale di ruolo A dal 2010, il Premio Federica De Luca 2019 riservato all&#8217;ufficiale di gara donna di categoria nazionale che si \u00e8 particolarmente distinto per l&#8217;impegno e la passione a livello dirigenziale periferico durante il corso della stagione. [&hellip;]\" \/>\n<meta property=\"og:url\" content=\"https:\/\/www.fipavpugliamagazine.it\/2020\/2019\/10\/08\/08-10-2019-fipavpuglia-a-rachela-pristera-il-premio-federica-de-luca-2019\/\" \/>\n<meta property=\"og:site_name\" content=\"Fipav Puglia Magazine\" \/>\n<meta property=\"article:publisher\" content=\"http:\/\/www.facebook.com\/fipavpuglia\" \/>\n<meta property=\"article:published_time\" content=\"2019-10-08T10:29:00+00:00\" \/>\n<meta property=\"article:modified_time\" content=\"2020-03-06T10:30:40+00:00\" \/>\n<meta property=\"og:image\" content=\"https:\/\/www.fipavpugliamagazine.it\/2020\/wp-content\/uploads\/2020\/03\/2019-10-06_PremioFedericaDeLuca2019_RachelaPristera1-scaled.jpg\" \/>\n\t<meta property=\"og:image:width\" content=\"2560\" \/>\n\t<meta property=\"og:image:height\" content=\"1438\" \/>\n\t<meta property=\"og:image:type\" content=\"image\/jpeg\" \/>\n<meta name=\"author\" content=\"Fabrizio D&#039;Alessandro\" \/>\n<meta name=\"twitter:card\" content=\"summary_large_image\" \/>\n<meta name=\"twitter:label1\" content=\"Scritto da\" \/>\n\t<meta name=\"twitter:data1\" content=\"Fabrizio D&#039;Alessandro\" \/>\n\t<meta name=\"twitter:label2\" content=\"Tempo di lettura stimato\" \/>\n\t<meta name=\"twitter:data2\" content=\"1 minuto\" \/>\n<script type=\"application\/ld+json\" class=\"yoast-schema-graph\">{\"@context\":\"https:\/\/schema.org\",\"@graph\":[{\"@type\":\"Article\",\"@id\":\"https:\/\/www.fipavpugliamagazine.it\/2020\/2019\/10\/08\/08-10-2019-fipavpuglia-a-rachela-pristera-il-premio-federica-de-luca-2019\/#article\",\"isPartOf\":{\"@id\":\"https:\/\/www.fipavpugliamagazine.it\/2020\/2019\/10\/08\/08-10-2019-fipavpuglia-a-rachela-pristera-il-premio-federica-de-luca-2019\/\"},\"author\":{\"name\":\"Fabrizio D'Alessandro\",\"@id\":\"https:\/\/www.fipavpugliamagazine.it\/2020\/#\/schema\/person\/3c77c3bc0e1b52b050936902c36fdc7e\"},\"headline\":\"08-10-2019: #fipavpuglia &#8211; A Rachela Prister\u00e0 il premio Federica De Luca 2019\",\"datePublished\":\"2019-10-08T10:29:00+00:00\",\"dateModified\":\"2020-03-06T10:30:40+00:00\",\"mainEntityOfPage\":{\"@id\":\"https:\/\/www.fipavpugliamagazine.it\/2020\/2019\/10\/08\/08-10-2019-fipavpuglia-a-rachela-pristera-il-premio-federica-de-luca-2019\/\"},\"wordCount\":267,\"publisher\":{\"@id\":\"https:\/\/www.fipavpugliamagazine.it\/2020\/#organization\"},\"image\":{\"@id\":\"https:\/\/www.fipavpugliamagazine.it\/2020\/2019\/10\/08\/08-10-2019-fipavpuglia-a-rachela-pristera-il-premio-federica-de-luca-2019\/#primaryimage\"},\"thumbnailUrl\":\"https:\/\/www.fipavpugliamagazine.it\/2020\/wp-content\/uploads\/2020\/03\/2019-10-06_PremioFedericaDeLuca2019_RachelaPristera1-scaled.jpg\",\"keywords\":[\"fipavpuglia\",\"ilvolleyperfedericaeandrea\",\"top\"],\"articleSection\":[\"News Puglia 2019-2020\"],\"inLanguage\":\"it-IT\"},{\"@type\":\"WebPage\",\"@id\":\"https:\/\/www.fipavpugliamagazine.it\/2020\/2019\/10\/08\/08-10-2019-fipavpuglia-a-rachela-pristera-il-premio-federica-de-luca-2019\/\",\"url\":\"https:\/\/www.fipavpugliamagazine.it\/2020\/2019\/10\/08\/08-10-2019-fipavpuglia-a-rachela-pristera-il-premio-federica-de-luca-2019\/\",\"name\":\"08-10-2019: #fipavpuglia - A Rachela Prister\u00e0 il premio Federica De Luca 2019 - Fipav Puglia Magazine\",\"isPartOf\":{\"@id\":\"https:\/\/www.fipavpugliamagazine.it\/2020\/#website\"},\"primaryImageOfPage\":{\"@id\":\"https:\/\/www.fipavpugliamagazine.it\/2020\/2019\/10\/08\/08-10-2019-fipavpuglia-a-rachela-pristera-il-premio-federica-de-luca-2019\/#primaryimage\"},\"image\":{\"@id\":\"https:\/\/www.fipavpugliamagazine.it\/2020\/2019\/10\/08\/08-10-2019-fipavpuglia-a-rachela-pristera-il-premio-federica-de-luca-2019\/#primaryimage\"},\"thumbnailUrl\":\"https:\/\/www.fipavpugliamagazine.it\/2020\/wp-content\/uploads\/2020\/03\/2019-10-06_PremioFedericaDeLuca2019_RachelaPristera1-scaled.jpg\",\"datePublished\":\"2019-10-08T10:29:00+00:00\",\"dateModified\":\"2020-03-06T10:30:40+00:00\",\"breadcrumb\":{\"@id\":\"https:\/\/www.fipavpugliamagazine.it\/2020\/2019\/10\/08\/08-10-2019-fipavpuglia-a-rachela-pristera-il-premio-federica-de-luca-2019\/#breadcrumb\"},\"inLanguage\":\"it-IT\",\"potentialAction\":[{\"@type\":\"ReadAction\",\"target\":[\"https:\/\/www.fipavpugliamagazine.it\/2020\/2019\/10\/08\/08-10-2019-fipavpuglia-a-rachela-pristera-il-premio-federica-de-luca-2019\/\"]}]},{\"@type\":\"ImageObject\",\"inLanguage\":\"it-IT\",\"@id\":\"https:\/\/www.fipavpugliamagazine.it\/2020\/2019\/10\/08\/08-10-2019-fipavpuglia-a-rachela-pristera-il-premio-federica-de-luca-2019\/#primaryimage\",\"url\":\"https:\/\/www.fipavpugliamagazine.it\/2020\/wp-content\/uploads\/2020\/03\/2019-10-06_PremioFedericaDeLuca2019_RachelaPristera1-scaled.jpg\",\"contentUrl\":\"https:\/\/www.fipavpugliamagazine.it\/2020\/wp-content\/uploads\/2020\/03\/2019-10-06_PremioFedericaDeLuca2019_RachelaPristera1-scaled.jpg\",\"width\":2560,\"height\":1438},{\"@type\":\"BreadcrumbList\",\"@id\":\"https:\/\/www.fipavpugliamagazine.it\/2020\/2019\/10\/08\/08-10-2019-fipavpuglia-a-rachela-pristera-il-premio-federica-de-luca-2019\/#breadcrumb\",\"itemListElement\":[{\"@type\":\"ListItem\",\"position\":1,\"name\":\"Home\",\"item\":\"https:\/\/www.fipavpugliamagazine.it\/2020\/\"},{\"@type\":\"ListItem\",\"position\":2,\"name\":\"08-10-2019: #fipavpuglia &#8211; A Rachela Prister\u00e0 il premio Federica De Luca 2019\"}]},{\"@type\":\"WebSite\",\"@id\":\"https:\/\/www.fipavpugliamagazine.it\/2020\/#website\",\"url\":\"https:\/\/www.fipavpugliamagazine.it\/2020\/\",\"name\":\"Fipav Puglia Magazine\",\"description\":\"Comunicazione CR FIPAV Puglia\",\"publisher\":{\"@id\":\"https:\/\/www.fipavpugliamagazine.it\/2020\/#organization\"},\"potentialAction\":[{\"@type\":\"SearchAction\",\"target\":{\"@type\":\"EntryPoint\",\"urlTemplate\":\"https:\/\/www.fipavpugliamagazine.it\/2020\/?s={search_term_string}\"},\"query-input\":{\"@type\":\"PropertyValueSpecification\",\"valueRequired\":true,\"valueName\":\"search_term_string\"}}],\"inLanguage\":\"it-IT\"},{\"@type\":\"Organization\",\"@id\":\"https:\/\/www.fipavpugliamagazine.it\/2020\/#organization\",\"name\":\"Fipav Puglia Magazine\",\"url\":\"https:\/\/www.fipavpugliamagazine.it\/2020\/\",\"logo\":{\"@type\":\"ImageObject\",\"inLanguage\":\"it-IT\",\"@id\":\"https:\/\/www.fipavpugliamagazine.it\/2020\/#\/schema\/logo\/image\/\",\"url\":\"https:\/\/www.fipavpugliamagazine.it\/2020\/wp-content\/uploads\/2025\/12\/LogoneFipavPuglia-scaled.png\",\"contentUrl\":\"https:\/\/www.fipavpugliamagazine.it\/2020\/wp-content\/uploads\/2025\/12\/LogoneFipavPuglia-scaled.png\",\"width\":2560,\"height\":2512,\"caption\":\"Fipav Puglia Magazine\"},\"image\":{\"@id\":\"https:\/\/www.fipavpugliamagazine.it\/2020\/#\/schema\/logo\/image\/\"},\"sameAs\":[\"http:\/\/www.facebook.com\/fipavpuglia\"]},{\"@type\":\"Person\",\"@id\":\"https:\/\/www.fipavpugliamagazine.it\/2020\/#\/schema\/person\/3c77c3bc0e1b52b050936902c36fdc7e\",\"name\":\"Fabrizio D'Alessandro\",\"image\":{\"@type\":\"ImageObject\",\"inLanguage\":\"it-IT\",\"@id\":\"https:\/\/www.fipavpugliamagazine.it\/2020\/#\/schema\/person\/image\/\",\"url\":\"https:\/\/secure.gravatar.com\/avatar\/b453c1e4fc54a13ec0d84b7dae2526113f311e2f22032eb2d267463ccd70d46f?s=96&d=mm&r=g\",\"contentUrl\":\"https:\/\/secure.gravatar.com\/avatar\/b453c1e4fc54a13ec0d84b7dae2526113f311e2f22032eb2d267463ccd70d46f?s=96&d=mm&r=g\",\"caption\":\"Fabrizio D'Alessandro\"},\"description\":\"Responsabile comunicazione CR FIPAV Puglia\",\"url\":\"https:\/\/www.fipavpugliamagazine.it\/2020\/author\/fabridal\/\"}]}<\/script>\n<!-- \/ Yoast SEO plugin. -->","yoast_head_json":{"title":"08-10-2019: #fipavpuglia - A Rachela Prister\u00e0 il premio Federica De Luca 2019 - Fipav Puglia Magazine","robots":{"index":"index","follow":"follow","max-snippet":"max-snippet:-1","max-image-preview":"max-image-preview:large","max-video-preview":"max-video-preview:-1"},"canonical":"https:\/\/www.fipavpugliamagazine.it\/2020\/2019\/10\/08\/08-10-2019-fipavpuglia-a-rachela-pristera-il-premio-federica-de-luca-2019\/","og_locale":"it_IT","og_type":"article","og_title":"08-10-2019: #fipavpuglia - A Rachela Prister\u00e0 il premio Federica De Luca 2019 - Fipav Puglia Magazine","og_description":"A Rachela Prister\u00e0 il Premio Federica De Luca 2019 E&#8217; stato assegnato a Rachela Prister\u00e0, arbitro nazionale di ruolo A dal 2010, il Premio Federica De Luca 2019 riservato all&#8217;ufficiale di gara donna di categoria nazionale che si \u00e8 particolarmente distinto per l&#8217;impegno e la passione a livello dirigenziale periferico durante il corso della stagione. [&hellip;]","og_url":"https:\/\/www.fipavpugliamagazine.it\/2020\/2019\/10\/08\/08-10-2019-fipavpuglia-a-rachela-pristera-il-premio-federica-de-luca-2019\/","og_site_name":"Fipav Puglia Magazine","article_publisher":"http:\/\/www.facebook.com\/fipavpuglia","article_published_time":"2019-10-08T10:29:00+00:00","article_modified_time":"2020-03-06T10:30:40+00:00","og_image":[{"width":2560,"height":1438,"url":"https:\/\/www.fipavpugliamagazine.it\/2020\/wp-content\/uploads\/2020\/03\/2019-10-06_PremioFedericaDeLuca2019_RachelaPristera1-scaled.jpg","type":"image\/jpeg"}],"author":"Fabrizio D'Alessandro","twitter_card":"summary_large_image","twitter_misc":{"Scritto da":"Fabrizio D'Alessandro","Tempo di lettura stimato":"1 minuto"},"schema":{"@context":"https:\/\/schema.org","@graph":[{"@type":"Article","@id":"https:\/\/www.fipavpugliamagazine.it\/2020\/2019\/10\/08\/08-10-2019-fipavpuglia-a-rachela-pristera-il-premio-federica-de-luca-2019\/#article","isPartOf":{"@id":"https:\/\/www.fipavpugliamagazine.it\/2020\/2019\/10\/08\/08-10-2019-fipavpuglia-a-rachela-pristera-il-premio-federica-de-luca-2019\/"},"author":{"name":"Fabrizio D'Alessandro","@id":"https:\/\/www.fipavpugliamagazine.it\/2020\/#\/schema\/person\/3c77c3bc0e1b52b050936902c36fdc7e"},"headline":"08-10-2019: #fipavpuglia &#8211; A Rachela Prister\u00e0 il premio Federica De Luca 2019","datePublished":"2019-10-08T10:29:00+00:00","dateModified":"2020-03-06T10:30:40+00:00","mainEntityOfPage":{"@id":"https:\/\/www.fipavpugliamagazine.it\/2020\/2019\/10\/08\/08-10-2019-fipavpuglia-a-rachela-pristera-il-premio-federica-de-luca-2019\/"},"wordCount":267,"publisher":{"@id":"https:\/\/www.fipavpugliamagazine.it\/2020\/#organization"},"image":{"@id":"https:\/\/www.fipavpugliamagazine.it\/2020\/2019\/10\/08\/08-10-2019-fipavpuglia-a-rachela-pristera-il-premio-federica-de-luca-2019\/#primaryimage"},"thumbnailUrl":"https:\/\/www.fipavpugliamagazine.it\/2020\/wp-content\/uploads\/2020\/03\/2019-10-06_PremioFedericaDeLuca2019_RachelaPristera1-scaled.jpg","keywords":["fipavpuglia","ilvolleyperfedericaeandrea","top"],"articleSection":["News Puglia 2019-2020"],"inLanguage":"it-IT"},{"@type":"WebPage","@id":"https:\/\/www.fipavpugliamagazine.it\/2020\/2019\/10\/08\/08-10-2019-fipavpuglia-a-rachela-pristera-il-premio-federica-de-luca-2019\/","url":"https:\/\/www.fipavpugliamagazine.it\/2020\/2019\/10\/08\/08-10-2019-fipavpuglia-a-rachela-pristera-il-premio-federica-de-luca-2019\/","name":"08-10-2019: #fipavpuglia - A Rachela Prister\u00e0 il premio Federica De Luca 2019 - Fipav Puglia Magazine","isPartOf":{"@id":"https:\/\/www.fipavpugliamagazine.it\/2020\/#website"},"primaryImageOfPage":{"@id":"https:\/\/www.fipavpugliamagazine.it\/2020\/2019\/10\/08\/08-10-2019-fipavpuglia-a-rachela-pristera-il-premio-federica-de-luca-2019\/#primaryimage"},"image":{"@id":"https:\/\/www.fipavpugliamagazine.it\/2020\/2019\/10\/08\/08-10-2019-fipavpuglia-a-rachela-pristera-il-premio-federica-de-luca-2019\/#primaryimage"},"thumbnailUrl":"https:\/\/www.fipavpugliamagazine.it\/2020\/wp-content\/uploads\/2020\/03\/2019-10-06_PremioFedericaDeLuca2019_RachelaPristera1-scaled.jpg","datePublished":"2019-10-08T10:29:00+00:00","dateModified":"2020-03-06T10:30:40+00:00","breadcrumb":{"@id":"https:\/\/www.fipavpugliamagazine.it\/2020\/2019\/10\/08\/08-10-2019-fipavpuglia-a-rachela-pristera-il-premio-federica-de-luca-2019\/#breadcrumb"},"inLanguage":"it-IT","potentialAction":[{"@type":"ReadAction","target":["https:\/\/www.fipavpugliamagazine.it\/2020\/2019\/10\/08\/08-10-2019-fipavpuglia-a-rachela-pristera-il-premio-federica-de-luca-2019\/"]}]},{"@type":"ImageObject","inLanguage":"it-IT","@id":"https:\/\/www.fipavpugliamagazine.it\/2020\/2019\/10\/08\/08-10-2019-fipavpuglia-a-rachela-pristera-il-premio-federica-de-luca-2019\/#primaryimage","url":"https:\/\/www.fipavpugliamagazine.it\/2020\/wp-content\/uploads\/2020\/03\/2019-10-06_PremioFedericaDeLuca2019_RachelaPristera1-scaled.jpg","contentUrl":"https:\/\/www.fipavpugliamagazine.it\/2020\/wp-content\/uploads\/2020\/03\/2019-10-06_PremioFedericaDeLuca2019_RachelaPristera1-scaled.jpg","width":2560,"height":1438},{"@type":"BreadcrumbList","@id":"https:\/\/www.fipavpugliamagazine.it\/2020\/2019\/10\/08\/08-10-2019-fipavpuglia-a-rachela-pristera-il-premio-federica-de-luca-2019\/#breadcrumb","itemListElement":[{"@type":"ListItem","position":1,"name":"Home","item":"https:\/\/www.fipavpugliamagazine.it\/2020\/"},{"@type":"ListItem","position":2,"name":"08-10-2019: #fipavpuglia &#8211; A Rachela Prister\u00e0 il premio Federica De Luca 2019"}]},{"@type":"WebSite","@id":"https:\/\/www.fipavpugliamagazine.it\/2020\/#website","url":"https:\/\/www.fipavpugliamagazine.it\/2020\/","name":"Fipav Puglia Magazine","description":"Comunicazione CR FIPAV Puglia","publisher":{"@id":"https:\/\/www.fipavpugliamagazine.it\/2020\/#organization"},"potentialAction":[{"@type":"SearchAction","target":{"@type":"EntryPoint","urlTemplate":"https:\/\/www.fipavpugliamagazine.it\/2020\/?s={search_term_string}"},"query-input":{"@type":"PropertyValueSpecification","valueRequired":true,"valueName":"search_term_string"}}],"inLanguage":"it-IT"},{"@type":"Organization","@id":"https:\/\/www.fipavpugliamagazine.it\/2020\/#organization","name":"Fipav Puglia Magazine","url":"https:\/\/www.fipavpugliamagazine.it\/2020\/","logo":{"@type":"ImageObject","inLanguage":"it-IT","@id":"https:\/\/www.fipavpugliamagazine.it\/2020\/#\/schema\/logo\/image\/","url":"https:\/\/www.fipavpugliamagazine.it\/2020\/wp-content\/uploads\/2025\/12\/LogoneFipavPuglia-scaled.png","contentUrl":"https:\/\/www.fipavpugliamagazine.it\/2020\/wp-content\/uploads\/2025\/12\/LogoneFipavPuglia-scaled.png","width":2560,"height":2512,"caption":"Fipav Puglia Magazine"},"image":{"@id":"https:\/\/www.fipavpugliamagazine.it\/2020\/#\/schema\/logo\/image\/"},"sameAs":["http:\/\/www.facebook.com\/fipavpuglia"]},{"@type":"Person","@id":"https:\/\/www.fipavpugliamagazine.it\/2020\/#\/schema\/person\/3c77c3bc0e1b52b050936902c36fdc7e","name":"Fabrizio D'Alessandro","image":{"@type":"ImageObject","inLanguage":"it-IT","@id":"https:\/\/www.fipavpugliamagazine.it\/2020\/#\/schema\/person\/image\/","url":"https:\/\/secure.gravatar.com\/avatar\/b453c1e4fc54a13ec0d84b7dae2526113f311e2f22032eb2d267463ccd70d46f?s=96&d=mm&r=g","contentUrl":"https:\/\/secure.gravatar.com\/avatar\/b453c1e4fc54a13ec0d84b7dae2526113f311e2f22032eb2d267463ccd70d46f?s=96&d=mm&r=g","caption":"Fabrizio D'Alessandro"},"description":"Responsabile comunicazione CR FIPAV Puglia","url":"https:\/\/www.fipavpugliamagazine.it\/2020\/author\/fabridal\/"}]}},"_links":{"self":[{"href":"https:\/\/www.fipavpugliamagazine.it\/2020\/wp-json\/wp\/v2\/posts\/355","targetHints":{"allow":["GET"]}}],"collection":[{"href":"https:\/\/www.fipavpugliamagazine.it\/2020\/wp-json\/wp\/v2\/posts"}],"about":[{"href":"https:\/\/www.fipavpugliamagazine.it\/2020\/wp-json\/wp\/v2\/types\/post"}],"author":[{"embeddable":true,"href":"https:\/\/www.fipavpugliamagazine.it\/2020\/wp-json\/wp\/v2\/users\/1"}],"replies":[{"embeddable":true,"href":"https:\/\/www.fipavpugliamagazine.it\/2020\/wp-json\/wp\/v2\/comments?post=355"}],"version-history":[{"count":1,"href":"https:\/\/www.fipavpugliamagazine.it\/2020\/wp-json\/wp\/v2\/posts\/355\/revisions"}],"predecessor-version":[{"id":357,"href":"https:\/\/www.fipavpugliamagazine.it\/2020\/wp-json\/wp\/v2\/posts\/355\/revisions\/357"}],"wp:featuredmedia":[{"embeddable":true,"href":"https:\/\/www.fipavpugliamagazine.it\/2020\/wp-json\/wp\/v2\/media\/356"}],"wp:attachment":[{"href":"https:\/\/www.fipavpugliamagazine.it\/2020\/wp-json\/wp\/v2\/media?parent=355"}],"wp:term":[{"taxonomy":"category","embeddable":true,"href":"https:\/\/www.fipavpugliamagazine.it\/2020\/wp-json\/wp\/v2\/categories?post=355"},{"taxonomy":"post_tag","embeddable":true,"href":"https:\/\/www.fipavpugliamagazine.it\/2020\/wp-json\/wp\/v2\/tags?post=355"}],"curies":[{"name":"wp","href":"https:\/\/api.w.org\/{rel}","templated":true}]}}