{"id":341,"date":"2019-11-07T10:07:38","date_gmt":"2019-11-07T10:07:38","guid":{"rendered":"http:\/\/www.fipavpugliamagazine.it\/2020\/?p=341"},"modified":"2020-03-06T10:09:02","modified_gmt":"2020-03-06T10:09:02","slug":"07-11-2019-ilvolleyperfedericaeandrea-dal-25-novembre-al-1-dicembre-la-settimana-di-federica","status":"publish","type":"post","link":"https:\/\/www.fipavpugliamagazine.it\/2020\/2019\/11\/07\/07-11-2019-ilvolleyperfedericaeandrea-dal-25-novembre-al-1-dicembre-la-settimana-di-federica\/","title":{"rendered":"07-11-2019: #ilvolleyperfedericaeandrea &#8211; Dal 25 novembre al 1 dicembre &#8220;La Settimana di Federica&#8221;"},"content":{"rendered":"\n<p>&#8220;LA SETTIMANA DI FEDERICA&#8221;<br>dal 25 novembre al 1\u00b0 dicembre 2019<\/p>\n\n\n\n<p>In occasione de \u201cLa Settimana di Federica\u201d organizzata dal CR FIPAV Puglia dal 25 novembre al 1\u00b0 dicembre 2019, in memoria dell&#8217;Arbitro Nazionale Federica De Luca e del suo figlioletto Andrea, tragicamente scomparsi nel giugno 2016, si trasmettono le iniziative pensate per l\u2019occasione, fermo restando la possibilit\u00e0 per ogni Comitato Territoriale o per ogni Societ\u00e0 di proporre e attuare qualsiasi iniziativa complementare:<br>&#8211; prima di ogni gara territoriale o regionale, di ogni livello e\/o categoria, che si svolga in quell\u2019arco temporale, verr\u00e0 osservato 1 minuto di silenzio;<br>&#8211; nelle GARE TERRITORIALI, al momento della presentazione e saluto iniziale, i capitani delle squadre si scambieranno un palloncino bianco;<br>&#8211; nelle GARE REGIONALI, al momento della presentazione e saluto iniziale, i capitani delle squadre si scambieranno una rosa rossa;<br>&#8211; triangolare tra gli Arbitri pugliesi delle province pugliesi, (luogo da definire), con possibile coinvolgimento di Enzo De Luca in qualit\u00e0 di arbitro; per la relativa organizzazione e il coinvolgimento dei partecipanti si fa riferimento al Responsabile Regionale del settore Ufficiali Di Gara Denise Mary Rose Bianchi;<br>&#8211; gli arbitri indosseranno, per tutta la durata della gara, un fiocco rosso sul petto e\/o una fascetta rossa sul braccio;<br>&#8211; \u00e8 richiesto, senza che ci\u00f2 costituisca un obbligo, che gli allenatori indossino, per tutta la durata della gara, un fiocco rosso sul petto e\/o una fascetta rossa sul braccio;<br>&#8211; \u00e8 previsto prima di ogni gara, qualora fosse a disposizione della societ\u00e0 un impianto microfonico, l&#8217;annuncio della \u201csettimana\u201d e della sua organizzazione in memoria di Federica De Luca e del piccolo Andrea, con il seguente testo: \u201cIl 25 novembre \u00e8 la Giornata internazionale contro la violenza sulle donne, giornata istituita nel 1999 dall&#8217;Assemblea Generale delle Nazioni Unite per dar voce e spazio ad un dramma di portata mondiale. La pallavolo, per un&#8217;intera settimana, si stringe nel ricordo di Federica De Luca, arbitro nazionale di pallavolo, e del suo piccolo Andrea, scomparsi nel 2016 in una tragedia familiare, affinch\u00e9 non si verifichi mai pi\u00f9 nulla di simile\u201d;<br>&#8211; organizzazione di una \u201ctavola rotonda\u201d presso il Liceo Scientifico \u201cG. Battaglini\u201d di Taranto, la mattina del 29 novembre, per parlare di Federica, del suo ruolo di arbitro e per parlare della violenza di genere;<br>&#8211; incontro con l\u2019arbitro di serie A Marco Braico, scrittore e fondatore della onlus \u201cLa Festa dei Limoni\u201d, che presenter\u00e0 il suo ultimo libro, e Rachela Prister\u00e0 vincitrice del Premio Nazionale \u201cFederica De Luca\u201d presso il Liceo Classico-Scientifico \u201cTito Livio\u201d di Martina Franca la mattina del 30 novembre;<br>&#8211; possibilit\u00e0 di ideare ulteriori iniziative con la partecipazione dei pi\u00f9 piccoli del volley S3, in ricordo di Andrea (es. presentazione e saluto iniziale nelle partite di serie c, con la presenza di un bambino accanto ad ogni giocatore, manifestazione di Volley S3, ecc.);<br>&#8211; pubblicizzazione dei diversi eventi tramite siti ufficiali e social network, promuovendo questa settimana utilizzando sui social il seguente hashtag: #ilvolleyperfedericaeandrea;<br>&#8211; inviare il materiale foto\/video riguardante le attivit\u00e0 inerenti sui campi di gara, o in occasione di attivit\u00e0 collaterali, esclusivamente via wetransfer (indicando nell&#8217;oggetto la societ\u00e0 mittente o gli ufficiali di gara, il campo di gara, e l&#8217;occasione in cui \u00e8 stato prodotto il materiale) all&#8217;indirizzo&nbsp;<a href=\"mailto:redazione@fipavpugliamagazine.it\">redazione@fipavpugliamagazine.it<\/a>; il materiale sar\u00e0 conservato in archivio e utilizzato per produrre un riassunto multimediale delle attivit\u00e0 svolte in occasione della settimana.<\/p>\n","protected":false},"excerpt":{"rendered":"<p>&#8220;LA SETTIMANA DI FEDERICA&#8221;dal 25 novembre al 1\u00b0 dicembre 2019 In occasione de \u201cLa Settimana di Federica\u201d organizzata dal CR FIPAV Puglia dal 25 novembre al 1\u00b0 dicembre 2019, in memoria dell&#8217;Arbitro Nazionale Federica De Luca e del suo figlioletto Andrea, tragicamente scomparsi nel giugno 2016, si trasmettono le iniziative pensate per l\u2019occasione, fermo restando [&hellip;]<\/p>\n","protected":false},"author":1,"featured_media":342,"comment_status":"closed","ping_status":"open","sticky":false,"template":"","format":"standard","meta":{"_monsterinsights_skip_tracking":false,"_monsterinsights_sitenote_active":false,"_monsterinsights_sitenote_note":"","_monsterinsights_sitenote_category":0,"tdm_status":"","tdm_grid_status":"","footnotes":""},"categories":[4],"tags":[19,16,59,15],"class_list":{"0":"post-341","1":"post","2":"type-post","3":"status-publish","4":"format-standard","5":"has-post-thumbnail","7":"category-news-puglia-2019-2020","8":"tag-fipavpuglia","9":"tag-flash","10":"tag-ilvolleyperfedericaeandrea","11":"tag-top"},"yoast_head":"<!-- This site is optimized with the Yoast SEO plugin v26.6 - https:\/\/yoast.com\/wordpress\/plugins\/seo\/ -->\n<title>07-11-2019: #ilvolleyperfedericaeandrea - Dal 25 novembre al 1 dicembre &quot;La Settimana di Federica&quot; - Fipav Puglia Magazine<\/title>\n<meta name=\"robots\" content=\"index, follow, max-snippet:-1, max-image-preview:large, max-video-preview:-1\" \/>\n<link rel=\"canonical\" href=\"https:\/\/www.fipavpugliamagazine.it\/2020\/2019\/11\/07\/07-11-2019-ilvolleyperfedericaeandrea-dal-25-novembre-al-1-dicembre-la-settimana-di-federica\/\" \/>\n<meta property=\"og:locale\" content=\"it_IT\" \/>\n<meta property=\"og:type\" content=\"article\" \/>\n<meta property=\"og:title\" content=\"07-11-2019: #ilvolleyperfedericaeandrea - Dal 25 novembre al 1 dicembre &quot;La Settimana di Federica&quot; - Fipav Puglia Magazine\" \/>\n<meta property=\"og:description\" content=\"&#8220;LA SETTIMANA DI FEDERICA&#8221;dal 25 novembre al 1\u00b0 dicembre 2019 In occasione de \u201cLa Settimana di Federica\u201d organizzata dal CR FIPAV Puglia dal 25 novembre al 1\u00b0 dicembre 2019, in memoria dell&#8217;Arbitro Nazionale Federica De Luca e del suo figlioletto Andrea, tragicamente scomparsi nel giugno 2016, si trasmettono le iniziative pensate per l\u2019occasione, fermo restando [&hellip;]\" \/>\n<meta property=\"og:url\" content=\"https:\/\/www.fipavpugliamagazine.it\/2020\/2019\/11\/07\/07-11-2019-ilvolleyperfedericaeandrea-dal-25-novembre-al-1-dicembre-la-settimana-di-federica\/\" \/>\n<meta property=\"og:site_name\" content=\"Fipav Puglia Magazine\" \/>\n<meta property=\"article:publisher\" content=\"http:\/\/www.facebook.com\/fipavpuglia\" \/>\n<meta property=\"article:published_time\" content=\"2019-11-07T10:07:38+00:00\" \/>\n<meta property=\"article:modified_time\" content=\"2020-03-06T10:09:02+00:00\" \/>\n<meta property=\"og:image\" content=\"https:\/\/www.fipavpugliamagazine.it\/2020\/wp-content\/uploads\/2020\/03\/FedericaDeLuca_UfficialeDiGara1.jpg\" \/>\n\t<meta property=\"og:image:width\" content=\"1024\" \/>\n\t<meta property=\"og:image:height\" content=\"637\" \/>\n\t<meta property=\"og:image:type\" content=\"image\/jpeg\" \/>\n<meta name=\"author\" content=\"Fabrizio D&#039;Alessandro\" \/>\n<meta name=\"twitter:card\" content=\"summary_large_image\" \/>\n<meta name=\"twitter:label1\" content=\"Scritto da\" \/>\n\t<meta name=\"twitter:data1\" content=\"Fabrizio D&#039;Alessandro\" \/>\n\t<meta name=\"twitter:label2\" content=\"Tempo di lettura stimato\" \/>\n\t<meta name=\"twitter:data2\" content=\"3 minuti\" \/>\n<script type=\"application\/ld+json\" class=\"yoast-schema-graph\">{\"@context\":\"https:\/\/schema.org\",\"@graph\":[{\"@type\":\"Article\",\"@id\":\"https:\/\/www.fipavpugliamagazine.it\/2020\/2019\/11\/07\/07-11-2019-ilvolleyperfedericaeandrea-dal-25-novembre-al-1-dicembre-la-settimana-di-federica\/#article\",\"isPartOf\":{\"@id\":\"https:\/\/www.fipavpugliamagazine.it\/2020\/2019\/11\/07\/07-11-2019-ilvolleyperfedericaeandrea-dal-25-novembre-al-1-dicembre-la-settimana-di-federica\/\"},\"author\":{\"name\":\"Fabrizio D'Alessandro\",\"@id\":\"https:\/\/www.fipavpugliamagazine.it\/2020\/#\/schema\/person\/3c77c3bc0e1b52b050936902c36fdc7e\"},\"headline\":\"07-11-2019: #ilvolleyperfedericaeandrea &#8211; Dal 25 novembre al 1 dicembre &#8220;La Settimana di Federica&#8221;\",\"datePublished\":\"2019-11-07T10:07:38+00:00\",\"dateModified\":\"2020-03-06T10:09:02+00:00\",\"mainEntityOfPage\":{\"@id\":\"https:\/\/www.fipavpugliamagazine.it\/2020\/2019\/11\/07\/07-11-2019-ilvolleyperfedericaeandrea-dal-25-novembre-al-1-dicembre-la-settimana-di-federica\/\"},\"wordCount\":570,\"publisher\":{\"@id\":\"https:\/\/www.fipavpugliamagazine.it\/2020\/#organization\"},\"image\":{\"@id\":\"https:\/\/www.fipavpugliamagazine.it\/2020\/2019\/11\/07\/07-11-2019-ilvolleyperfedericaeandrea-dal-25-novembre-al-1-dicembre-la-settimana-di-federica\/#primaryimage\"},\"thumbnailUrl\":\"https:\/\/www.fipavpugliamagazine.it\/2020\/wp-content\/uploads\/2020\/03\/FedericaDeLuca_UfficialeDiGara1.jpg\",\"keywords\":[\"fipavpuglia\",\"flash\",\"ilvolleyperfedericaeandrea\",\"top\"],\"articleSection\":[\"News Puglia 2019-2020\"],\"inLanguage\":\"it-IT\"},{\"@type\":\"WebPage\",\"@id\":\"https:\/\/www.fipavpugliamagazine.it\/2020\/2019\/11\/07\/07-11-2019-ilvolleyperfedericaeandrea-dal-25-novembre-al-1-dicembre-la-settimana-di-federica\/\",\"url\":\"https:\/\/www.fipavpugliamagazine.it\/2020\/2019\/11\/07\/07-11-2019-ilvolleyperfedericaeandrea-dal-25-novembre-al-1-dicembre-la-settimana-di-federica\/\",\"name\":\"07-11-2019: #ilvolleyperfedericaeandrea - Dal 25 novembre al 1 dicembre \\\"La Settimana di Federica\\\" - Fipav Puglia Magazine\",\"isPartOf\":{\"@id\":\"https:\/\/www.fipavpugliamagazine.it\/2020\/#website\"},\"primaryImageOfPage\":{\"@id\":\"https:\/\/www.fipavpugliamagazine.it\/2020\/2019\/11\/07\/07-11-2019-ilvolleyperfedericaeandrea-dal-25-novembre-al-1-dicembre-la-settimana-di-federica\/#primaryimage\"},\"image\":{\"@id\":\"https:\/\/www.fipavpugliamagazine.it\/2020\/2019\/11\/07\/07-11-2019-ilvolleyperfedericaeandrea-dal-25-novembre-al-1-dicembre-la-settimana-di-federica\/#primaryimage\"},\"thumbnailUrl\":\"https:\/\/www.fipavpugliamagazine.it\/2020\/wp-content\/uploads\/2020\/03\/FedericaDeLuca_UfficialeDiGara1.jpg\",\"datePublished\":\"2019-11-07T10:07:38+00:00\",\"dateModified\":\"2020-03-06T10:09:02+00:00\",\"breadcrumb\":{\"@id\":\"https:\/\/www.fipavpugliamagazine.it\/2020\/2019\/11\/07\/07-11-2019-ilvolleyperfedericaeandrea-dal-25-novembre-al-1-dicembre-la-settimana-di-federica\/#breadcrumb\"},\"inLanguage\":\"it-IT\",\"potentialAction\":[{\"@type\":\"ReadAction\",\"target\":[\"https:\/\/www.fipavpugliamagazine.it\/2020\/2019\/11\/07\/07-11-2019-ilvolleyperfedericaeandrea-dal-25-novembre-al-1-dicembre-la-settimana-di-federica\/\"]}]},{\"@type\":\"ImageObject\",\"inLanguage\":\"it-IT\",\"@id\":\"https:\/\/www.fipavpugliamagazine.it\/2020\/2019\/11\/07\/07-11-2019-ilvolleyperfedericaeandrea-dal-25-novembre-al-1-dicembre-la-settimana-di-federica\/#primaryimage\",\"url\":\"https:\/\/www.fipavpugliamagazine.it\/2020\/wp-content\/uploads\/2020\/03\/FedericaDeLuca_UfficialeDiGara1.jpg\",\"contentUrl\":\"https:\/\/www.fipavpugliamagazine.it\/2020\/wp-content\/uploads\/2020\/03\/FedericaDeLuca_UfficialeDiGara1.jpg\",\"width\":1024,\"height\":637,\"caption\":\"????????????????????????????????????\"},{\"@type\":\"BreadcrumbList\",\"@id\":\"https:\/\/www.fipavpugliamagazine.it\/2020\/2019\/11\/07\/07-11-2019-ilvolleyperfedericaeandrea-dal-25-novembre-al-1-dicembre-la-settimana-di-federica\/#breadcrumb\",\"itemListElement\":[{\"@type\":\"ListItem\",\"position\":1,\"name\":\"Home\",\"item\":\"https:\/\/www.fipavpugliamagazine.it\/2020\/\"},{\"@type\":\"ListItem\",\"position\":2,\"name\":\"07-11-2019: #ilvolleyperfedericaeandrea &#8211; Dal 25 novembre al 1 dicembre &#8220;La Settimana di Federica&#8221;\"}]},{\"@type\":\"WebSite\",\"@id\":\"https:\/\/www.fipavpugliamagazine.it\/2020\/#website\",\"url\":\"https:\/\/www.fipavpugliamagazine.it\/2020\/\",\"name\":\"Fipav Puglia Magazine\",\"description\":\"Comunicazione CR FIPAV Puglia\",\"publisher\":{\"@id\":\"https:\/\/www.fipavpugliamagazine.it\/2020\/#organization\"},\"potentialAction\":[{\"@type\":\"SearchAction\",\"target\":{\"@type\":\"EntryPoint\",\"urlTemplate\":\"https:\/\/www.fipavpugliamagazine.it\/2020\/?s={search_term_string}\"},\"query-input\":{\"@type\":\"PropertyValueSpecification\",\"valueRequired\":true,\"valueName\":\"search_term_string\"}}],\"inLanguage\":\"it-IT\"},{\"@type\":\"Organization\",\"@id\":\"https:\/\/www.fipavpugliamagazine.it\/2020\/#organization\",\"name\":\"Fipav Puglia Magazine\",\"url\":\"https:\/\/www.fipavpugliamagazine.it\/2020\/\",\"logo\":{\"@type\":\"ImageObject\",\"inLanguage\":\"it-IT\",\"@id\":\"https:\/\/www.fipavpugliamagazine.it\/2020\/#\/schema\/logo\/image\/\",\"url\":\"https:\/\/www.fipavpugliamagazine.it\/2020\/wp-content\/uploads\/2025\/12\/LogoneFipavPuglia-scaled.png\",\"contentUrl\":\"https:\/\/www.fipavpugliamagazine.it\/2020\/wp-content\/uploads\/2025\/12\/LogoneFipavPuglia-scaled.png\",\"width\":2560,\"height\":2512,\"caption\":\"Fipav Puglia Magazine\"},\"image\":{\"@id\":\"https:\/\/www.fipavpugliamagazine.it\/2020\/#\/schema\/logo\/image\/\"},\"sameAs\":[\"http:\/\/www.facebook.com\/fipavpuglia\"]},{\"@type\":\"Person\",\"@id\":\"https:\/\/www.fipavpugliamagazine.it\/2020\/#\/schema\/person\/3c77c3bc0e1b52b050936902c36fdc7e\",\"name\":\"Fabrizio D'Alessandro\",\"image\":{\"@type\":\"ImageObject\",\"inLanguage\":\"it-IT\",\"@id\":\"https:\/\/www.fipavpugliamagazine.it\/2020\/#\/schema\/person\/image\/\",\"url\":\"https:\/\/secure.gravatar.com\/avatar\/b453c1e4fc54a13ec0d84b7dae2526113f311e2f22032eb2d267463ccd70d46f?s=96&d=mm&r=g\",\"contentUrl\":\"https:\/\/secure.gravatar.com\/avatar\/b453c1e4fc54a13ec0d84b7dae2526113f311e2f22032eb2d267463ccd70d46f?s=96&d=mm&r=g\",\"caption\":\"Fabrizio D'Alessandro\"},\"description\":\"Responsabile comunicazione CR FIPAV Puglia\",\"url\":\"https:\/\/www.fipavpugliamagazine.it\/2020\/author\/fabridal\/\"}]}<\/script>\n<!-- \/ Yoast SEO plugin. -->","yoast_head_json":{"title":"07-11-2019: #ilvolleyperfedericaeandrea - Dal 25 novembre al 1 dicembre \"La Settimana di Federica\" - Fipav Puglia Magazine","robots":{"index":"index","follow":"follow","max-snippet":"max-snippet:-1","max-image-preview":"max-image-preview:large","max-video-preview":"max-video-preview:-1"},"canonical":"https:\/\/www.fipavpugliamagazine.it\/2020\/2019\/11\/07\/07-11-2019-ilvolleyperfedericaeandrea-dal-25-novembre-al-1-dicembre-la-settimana-di-federica\/","og_locale":"it_IT","og_type":"article","og_title":"07-11-2019: #ilvolleyperfedericaeandrea - Dal 25 novembre al 1 dicembre \"La Settimana di Federica\" - Fipav Puglia Magazine","og_description":"&#8220;LA SETTIMANA DI FEDERICA&#8221;dal 25 novembre al 1\u00b0 dicembre 2019 In occasione de \u201cLa Settimana di Federica\u201d organizzata dal CR FIPAV Puglia dal 25 novembre al 1\u00b0 dicembre 2019, in memoria dell&#8217;Arbitro Nazionale Federica De Luca e del suo figlioletto Andrea, tragicamente scomparsi nel giugno 2016, si trasmettono le iniziative pensate per l\u2019occasione, fermo restando [&hellip;]","og_url":"https:\/\/www.fipavpugliamagazine.it\/2020\/2019\/11\/07\/07-11-2019-ilvolleyperfedericaeandrea-dal-25-novembre-al-1-dicembre-la-settimana-di-federica\/","og_site_name":"Fipav Puglia Magazine","article_publisher":"http:\/\/www.facebook.com\/fipavpuglia","article_published_time":"2019-11-07T10:07:38+00:00","article_modified_time":"2020-03-06T10:09:02+00:00","og_image":[{"width":1024,"height":637,"url":"https:\/\/www.fipavpugliamagazine.it\/2020\/wp-content\/uploads\/2020\/03\/FedericaDeLuca_UfficialeDiGara1.jpg","type":"image\/jpeg"}],"author":"Fabrizio D'Alessandro","twitter_card":"summary_large_image","twitter_misc":{"Scritto da":"Fabrizio D'Alessandro","Tempo di lettura stimato":"3 minuti"},"schema":{"@context":"https:\/\/schema.org","@graph":[{"@type":"Article","@id":"https:\/\/www.fipavpugliamagazine.it\/2020\/2019\/11\/07\/07-11-2019-ilvolleyperfedericaeandrea-dal-25-novembre-al-1-dicembre-la-settimana-di-federica\/#article","isPartOf":{"@id":"https:\/\/www.fipavpugliamagazine.it\/2020\/2019\/11\/07\/07-11-2019-ilvolleyperfedericaeandrea-dal-25-novembre-al-1-dicembre-la-settimana-di-federica\/"},"author":{"name":"Fabrizio D'Alessandro","@id":"https:\/\/www.fipavpugliamagazine.it\/2020\/#\/schema\/person\/3c77c3bc0e1b52b050936902c36fdc7e"},"headline":"07-11-2019: #ilvolleyperfedericaeandrea &#8211; Dal 25 novembre al 1 dicembre &#8220;La Settimana di Federica&#8221;","datePublished":"2019-11-07T10:07:38+00:00","dateModified":"2020-03-06T10:09:02+00:00","mainEntityOfPage":{"@id":"https:\/\/www.fipavpugliamagazine.it\/2020\/2019\/11\/07\/07-11-2019-ilvolleyperfedericaeandrea-dal-25-novembre-al-1-dicembre-la-settimana-di-federica\/"},"wordCount":570,"publisher":{"@id":"https:\/\/www.fipavpugliamagazine.it\/2020\/#organization"},"image":{"@id":"https:\/\/www.fipavpugliamagazine.it\/2020\/2019\/11\/07\/07-11-2019-ilvolleyperfedericaeandrea-dal-25-novembre-al-1-dicembre-la-settimana-di-federica\/#primaryimage"},"thumbnailUrl":"https:\/\/www.fipavpugliamagazine.it\/2020\/wp-content\/uploads\/2020\/03\/FedericaDeLuca_UfficialeDiGara1.jpg","keywords":["fipavpuglia","flash","ilvolleyperfedericaeandrea","top"],"articleSection":["News Puglia 2019-2020"],"inLanguage":"it-IT"},{"@type":"WebPage","@id":"https:\/\/www.fipavpugliamagazine.it\/2020\/2019\/11\/07\/07-11-2019-ilvolleyperfedericaeandrea-dal-25-novembre-al-1-dicembre-la-settimana-di-federica\/","url":"https:\/\/www.fipavpugliamagazine.it\/2020\/2019\/11\/07\/07-11-2019-ilvolleyperfedericaeandrea-dal-25-novembre-al-1-dicembre-la-settimana-di-federica\/","name":"07-11-2019: #ilvolleyperfedericaeandrea - Dal 25 novembre al 1 dicembre \"La Settimana di Federica\" - Fipav Puglia Magazine","isPartOf":{"@id":"https:\/\/www.fipavpugliamagazine.it\/2020\/#website"},"primaryImageOfPage":{"@id":"https:\/\/www.fipavpugliamagazine.it\/2020\/2019\/11\/07\/07-11-2019-ilvolleyperfedericaeandrea-dal-25-novembre-al-1-dicembre-la-settimana-di-federica\/#primaryimage"},"image":{"@id":"https:\/\/www.fipavpugliamagazine.it\/2020\/2019\/11\/07\/07-11-2019-ilvolleyperfedericaeandrea-dal-25-novembre-al-1-dicembre-la-settimana-di-federica\/#primaryimage"},"thumbnailUrl":"https:\/\/www.fipavpugliamagazine.it\/2020\/wp-content\/uploads\/2020\/03\/FedericaDeLuca_UfficialeDiGara1.jpg","datePublished":"2019-11-07T10:07:38+00:00","dateModified":"2020-03-06T10:09:02+00:00","breadcrumb":{"@id":"https:\/\/www.fipavpugliamagazine.it\/2020\/2019\/11\/07\/07-11-2019-ilvolleyperfedericaeandrea-dal-25-novembre-al-1-dicembre-la-settimana-di-federica\/#breadcrumb"},"inLanguage":"it-IT","potentialAction":[{"@type":"ReadAction","target":["https:\/\/www.fipavpugliamagazine.it\/2020\/2019\/11\/07\/07-11-2019-ilvolleyperfedericaeandrea-dal-25-novembre-al-1-dicembre-la-settimana-di-federica\/"]}]},{"@type":"ImageObject","inLanguage":"it-IT","@id":"https:\/\/www.fipavpugliamagazine.it\/2020\/2019\/11\/07\/07-11-2019-ilvolleyperfedericaeandrea-dal-25-novembre-al-1-dicembre-la-settimana-di-federica\/#primaryimage","url":"https:\/\/www.fipavpugliamagazine.it\/2020\/wp-content\/uploads\/2020\/03\/FedericaDeLuca_UfficialeDiGara1.jpg","contentUrl":"https:\/\/www.fipavpugliamagazine.it\/2020\/wp-content\/uploads\/2020\/03\/FedericaDeLuca_UfficialeDiGara1.jpg","width":1024,"height":637,"caption":"????????????????????????????????????"},{"@type":"BreadcrumbList","@id":"https:\/\/www.fipavpugliamagazine.it\/2020\/2019\/11\/07\/07-11-2019-ilvolleyperfedericaeandrea-dal-25-novembre-al-1-dicembre-la-settimana-di-federica\/#breadcrumb","itemListElement":[{"@type":"ListItem","position":1,"name":"Home","item":"https:\/\/www.fipavpugliamagazine.it\/2020\/"},{"@type":"ListItem","position":2,"name":"07-11-2019: #ilvolleyperfedericaeandrea &#8211; Dal 25 novembre al 1 dicembre &#8220;La Settimana di Federica&#8221;"}]},{"@type":"WebSite","@id":"https:\/\/www.fipavpugliamagazine.it\/2020\/#website","url":"https:\/\/www.fipavpugliamagazine.it\/2020\/","name":"Fipav Puglia Magazine","description":"Comunicazione CR FIPAV Puglia","publisher":{"@id":"https:\/\/www.fipavpugliamagazine.it\/2020\/#organization"},"potentialAction":[{"@type":"SearchAction","target":{"@type":"EntryPoint","urlTemplate":"https:\/\/www.fipavpugliamagazine.it\/2020\/?s={search_term_string}"},"query-input":{"@type":"PropertyValueSpecification","valueRequired":true,"valueName":"search_term_string"}}],"inLanguage":"it-IT"},{"@type":"Organization","@id":"https:\/\/www.fipavpugliamagazine.it\/2020\/#organization","name":"Fipav Puglia Magazine","url":"https:\/\/www.fipavpugliamagazine.it\/2020\/","logo":{"@type":"ImageObject","inLanguage":"it-IT","@id":"https:\/\/www.fipavpugliamagazine.it\/2020\/#\/schema\/logo\/image\/","url":"https:\/\/www.fipavpugliamagazine.it\/2020\/wp-content\/uploads\/2025\/12\/LogoneFipavPuglia-scaled.png","contentUrl":"https:\/\/www.fipavpugliamagazine.it\/2020\/wp-content\/uploads\/2025\/12\/LogoneFipavPuglia-scaled.png","width":2560,"height":2512,"caption":"Fipav Puglia Magazine"},"image":{"@id":"https:\/\/www.fipavpugliamagazine.it\/2020\/#\/schema\/logo\/image\/"},"sameAs":["http:\/\/www.facebook.com\/fipavpuglia"]},{"@type":"Person","@id":"https:\/\/www.fipavpugliamagazine.it\/2020\/#\/schema\/person\/3c77c3bc0e1b52b050936902c36fdc7e","name":"Fabrizio D'Alessandro","image":{"@type":"ImageObject","inLanguage":"it-IT","@id":"https:\/\/www.fipavpugliamagazine.it\/2020\/#\/schema\/person\/image\/","url":"https:\/\/secure.gravatar.com\/avatar\/b453c1e4fc54a13ec0d84b7dae2526113f311e2f22032eb2d267463ccd70d46f?s=96&d=mm&r=g","contentUrl":"https:\/\/secure.gravatar.com\/avatar\/b453c1e4fc54a13ec0d84b7dae2526113f311e2f22032eb2d267463ccd70d46f?s=96&d=mm&r=g","caption":"Fabrizio D'Alessandro"},"description":"Responsabile comunicazione CR FIPAV Puglia","url":"https:\/\/www.fipavpugliamagazine.it\/2020\/author\/fabridal\/"}]}},"_links":{"self":[{"href":"https:\/\/www.fipavpugliamagazine.it\/2020\/wp-json\/wp\/v2\/posts\/341","targetHints":{"allow":["GET"]}}],"collection":[{"href":"https:\/\/www.fipavpugliamagazine.it\/2020\/wp-json\/wp\/v2\/posts"}],"about":[{"href":"https:\/\/www.fipavpugliamagazine.it\/2020\/wp-json\/wp\/v2\/types\/post"}],"author":[{"embeddable":true,"href":"https:\/\/www.fipavpugliamagazine.it\/2020\/wp-json\/wp\/v2\/users\/1"}],"replies":[{"embeddable":true,"href":"https:\/\/www.fipavpugliamagazine.it\/2020\/wp-json\/wp\/v2\/comments?post=341"}],"version-history":[{"count":1,"href":"https:\/\/www.fipavpugliamagazine.it\/2020\/wp-json\/wp\/v2\/posts\/341\/revisions"}],"predecessor-version":[{"id":343,"href":"https:\/\/www.fipavpugliamagazine.it\/2020\/wp-json\/wp\/v2\/posts\/341\/revisions\/343"}],"wp:featuredmedia":[{"embeddable":true,"href":"https:\/\/www.fipavpugliamagazine.it\/2020\/wp-json\/wp\/v2\/media\/342"}],"wp:attachment":[{"href":"https:\/\/www.fipavpugliamagazine.it\/2020\/wp-json\/wp\/v2\/media?parent=341"}],"wp:term":[{"taxonomy":"category","embeddable":true,"href":"https:\/\/www.fipavpugliamagazine.it\/2020\/wp-json\/wp\/v2\/categories?post=341"},{"taxonomy":"post_tag","embeddable":true,"href":"https:\/\/www.fipavpugliamagazine.it\/2020\/wp-json\/wp\/v2\/tags?post=341"}],"curies":[{"name":"wp","href":"https:\/\/api.w.org\/{rel}","templated":true}]}}