{"id":324,"date":"2019-12-29T09:55:42","date_gmt":"2019-12-29T09:55:42","guid":{"rendered":"http:\/\/www.fipavpugliamagazine.it\/2020\/?p=324"},"modified":"2020-03-06T09:57:26","modified_gmt":"2020-03-06T09:57:26","slug":"29-12-2019-fpavpuglia-puglia-continuiamo-a-dare-del-tu-alla-pallavolo-mondiale","status":"publish","type":"post","link":"https:\/\/www.fipavpugliamagazine.it\/2020\/2019\/12\/29\/29-12-2019-fpavpuglia-puglia-continuiamo-a-dare-del-tu-alla-pallavolo-mondiale\/","title":{"rendered":"29-12-2019: #fpavpuglia &#8211; Puglia, continuiamo a dare del tu alla pallavolo mondiale!"},"content":{"rendered":"\n<p><strong>Il bilancio di fine anno del Presidente del CR FIPAV Puglia Paolo Indiveri<\/strong><\/p>\n\n\n\n<p>Carissimi,<\/p>\n\n\n\n<p>per descrivere dal punto di vista sportivo l&#8217;anno che volge al termine, potrei utilizzare decine di superlativi, iperboli e roboanti parole, ma probabilmente l&#8217;aggettivo pi\u00f9 indicato \u00e8 &#8220;irripetibile&#8221;!<br>Si! Questo meraviglioso 2019 sar\u00e0 un anno irripetibile, ma non per i singoli avvenimenti o per le singole vittorie ma proprio per l&#8217;incredibile accumulo degli stessi.<\/p>\n\n\n\n<p>Permettetemi di ricordare velocemente:<br>&#8211; titolo di Campioni d&#8217;Italia con la selezione regionale maschile, per la seconda volta nella storia del Trofeo delle Regioni, con il riconoscimento di miglior centrale e miglior libero della manifestazione assegnato a due nostri atleti;<br>&#8211; organizzazione del Torneo di Qualificazione alle Olimpiadi di Tokyo 2020 con la conquista del pass olimpico da parte della nostra nazionale seniores maschile di fronte ad un pubblico appassionato e straripante, vero trascinatore di capitan Max Colaci &amp; C., cos\u00ec come orgogliosamente riconosciuto dai vertici federali e da tutta la stampa nazionale;<br>&#8211; titolo di Campioni del Mondo U19 conquistato dai nostri giovani atleti pugliesi guidati da un tecnico pugliese con uno staff ricco di pugliesi;<br>&#8211; titolo di Campione d&#8217;Italia di beach volley vinto da un atleta pugliese;<br>&#8211; titolo di Campione d&#8217;Italia, d&#8217;Europa e del Mondo ottenuti da un altro tecnico pugliese, arrivato in corsa sulla panchina di una delle pi\u00f9 blasonate societ\u00e0 italiana.<br>Tutto questo vi deve rendere orgogliosi di far parte di un movimento (quello della Pallavolo pugliese che mi onoro di rappresentare!) che non \u00e8 secondo a nessun altro.<br>Ed \u00e8 un orgoglio che deve essere condiviso da tutti voi, dalla societ\u00e0 di 2&#8242; divisione a quella di A2, perch\u00e9 i successi sono figli di ciascuno di voi, di ogni tesserato pugliese, di ogni vostro sacrificio, di ogni vostra goccia di sudore, di tutti voi che a qualsiasi titolo, dirigente, tecnico, atleta, arbitro, segnapunti, fate parte di questo meraviglioso mondo!<br>Ma questi fantastici successi non ci devono far abbassare la guardia: il nostro obiettivo, per il nuovo anno, sar\u00e0 necessariamente quello di continuare il cammino intrapreso, tra le consuete mille difficolt\u00e0 legate agli impianti, alle ridotte risorse economiche, al numero sempre pi\u00f9 basso di nascite ed a quello sempre pi\u00f9 alto di chi lascia la nostra amata regione, perch\u00e9 poi si possano incensare nella giusta maniera i risultati che saranno raggiunti.<br>Il mio augurio, quindi, \u00e8 quello di voltarsi indietro non per &#8220;vivere di ricordi&#8221; ma per poter comprendere dove \u00e8 possibile intervenire, dove \u00e8 possibile migliorare, per continuare a raggiungere risultati altisonanti ed all&#8217;altezza di una regione che da del &#8220;tu&#8221; alla Pallavolo Mondiale.<br>Noi siamo la Puglia della Pallavolo, non dimenticatelo mai amiche ed amici miei.<br>Auguri per un 2020 favoloso.<\/p>\n\n\n\n<p>Paolo Indiveri<br>Presidente CR FIPAV Puglia<\/p>\n","protected":false},"excerpt":{"rendered":"<p>Il bilancio di fine anno del Presidente del CR FIPAV Puglia Paolo Indiveri Carissimi, per descrivere dal punto di vista sportivo l&#8217;anno che volge al termine, potrei utilizzare decine di superlativi, iperboli e roboanti parole, ma probabilmente l&#8217;aggettivo pi\u00f9 indicato \u00e8 &#8220;irripetibile&#8221;!Si! Questo meraviglioso 2019 sar\u00e0 un anno irripetibile, ma non per i singoli avvenimenti [&hellip;]<\/p>\n","protected":false},"author":1,"featured_media":325,"comment_status":"closed","ping_status":"open","sticky":false,"template":"","format":"standard","meta":{"_monsterinsights_skip_tracking":false,"_monsterinsights_sitenote_active":false,"_monsterinsights_sitenote_note":"","_monsterinsights_sitenote_category":0,"tdm_status":"","tdm_grid_status":"","footnotes":""},"categories":[4],"tags":[19,16,15],"class_list":{"0":"post-324","1":"post","2":"type-post","3":"status-publish","4":"format-standard","5":"has-post-thumbnail","7":"category-news-puglia-2019-2020","8":"tag-fipavpuglia","9":"tag-flash","10":"tag-top"},"yoast_head":"<!-- This site is optimized with the Yoast SEO plugin v26.6 - https:\/\/yoast.com\/wordpress\/plugins\/seo\/ -->\n<title>29-12-2019: #fpavpuglia - Puglia, continuiamo a dare del tu alla pallavolo mondiale! - Fipav Puglia Magazine<\/title>\n<meta name=\"robots\" content=\"index, follow, max-snippet:-1, max-image-preview:large, max-video-preview:-1\" \/>\n<link rel=\"canonical\" href=\"https:\/\/www.fipavpugliamagazine.it\/2020\/2019\/12\/29\/29-12-2019-fpavpuglia-puglia-continuiamo-a-dare-del-tu-alla-pallavolo-mondiale\/\" \/>\n<meta property=\"og:locale\" content=\"it_IT\" \/>\n<meta property=\"og:type\" content=\"article\" \/>\n<meta property=\"og:title\" content=\"29-12-2019: #fpavpuglia - Puglia, continuiamo a dare del tu alla pallavolo mondiale! - Fipav Puglia Magazine\" \/>\n<meta property=\"og:description\" content=\"Il bilancio di fine anno del Presidente del CR FIPAV Puglia Paolo Indiveri Carissimi, per descrivere dal punto di vista sportivo l&#8217;anno che volge al termine, potrei utilizzare decine di superlativi, iperboli e roboanti parole, ma probabilmente l&#8217;aggettivo pi\u00f9 indicato \u00e8 &#8220;irripetibile&#8221;!Si! Questo meraviglioso 2019 sar\u00e0 un anno irripetibile, ma non per i singoli avvenimenti [&hellip;]\" \/>\n<meta property=\"og:url\" content=\"https:\/\/www.fipavpugliamagazine.it\/2020\/2019\/12\/29\/29-12-2019-fpavpuglia-puglia-continuiamo-a-dare-del-tu-alla-pallavolo-mondiale\/\" \/>\n<meta property=\"og:site_name\" content=\"Fipav Puglia Magazine\" \/>\n<meta property=\"article:publisher\" content=\"http:\/\/www.facebook.com\/fipavpuglia\" \/>\n<meta property=\"article:published_time\" content=\"2019-12-29T09:55:42+00:00\" \/>\n<meta property=\"article:modified_time\" content=\"2020-03-06T09:57:26+00:00\" \/>\n<meta property=\"og:image\" content=\"https:\/\/www.fipavpugliamagazine.it\/2020\/wp-content\/uploads\/2020\/03\/2019-08_IndiveriColaci_Raisport1.jpg\" \/>\n\t<meta property=\"og:image:width\" content=\"750\" \/>\n\t<meta property=\"og:image:height\" content=\"416\" \/>\n\t<meta property=\"og:image:type\" content=\"image\/jpeg\" \/>\n<meta name=\"author\" content=\"Fabrizio D&#039;Alessandro\" \/>\n<meta name=\"twitter:card\" content=\"summary_large_image\" \/>\n<meta name=\"twitter:label1\" content=\"Scritto da\" \/>\n\t<meta name=\"twitter:data1\" content=\"Fabrizio D&#039;Alessandro\" \/>\n\t<meta name=\"twitter:label2\" content=\"Tempo di lettura stimato\" \/>\n\t<meta name=\"twitter:data2\" content=\"2 minuti\" \/>\n<script type=\"application\/ld+json\" class=\"yoast-schema-graph\">{\"@context\":\"https:\/\/schema.org\",\"@graph\":[{\"@type\":\"Article\",\"@id\":\"https:\/\/www.fipavpugliamagazine.it\/2020\/2019\/12\/29\/29-12-2019-fpavpuglia-puglia-continuiamo-a-dare-del-tu-alla-pallavolo-mondiale\/#article\",\"isPartOf\":{\"@id\":\"https:\/\/www.fipavpugliamagazine.it\/2020\/2019\/12\/29\/29-12-2019-fpavpuglia-puglia-continuiamo-a-dare-del-tu-alla-pallavolo-mondiale\/\"},\"author\":{\"name\":\"Fabrizio D'Alessandro\",\"@id\":\"https:\/\/www.fipavpugliamagazine.it\/2020\/#\/schema\/person\/3c77c3bc0e1b52b050936902c36fdc7e\"},\"headline\":\"29-12-2019: #fpavpuglia &#8211; Puglia, continuiamo a dare del tu alla pallavolo mondiale!\",\"datePublished\":\"2019-12-29T09:55:42+00:00\",\"dateModified\":\"2020-03-06T09:57:26+00:00\",\"mainEntityOfPage\":{\"@id\":\"https:\/\/www.fipavpugliamagazine.it\/2020\/2019\/12\/29\/29-12-2019-fpavpuglia-puglia-continuiamo-a-dare-del-tu-alla-pallavolo-mondiale\/\"},\"wordCount\":463,\"publisher\":{\"@id\":\"https:\/\/www.fipavpugliamagazine.it\/2020\/#organization\"},\"image\":{\"@id\":\"https:\/\/www.fipavpugliamagazine.it\/2020\/2019\/12\/29\/29-12-2019-fpavpuglia-puglia-continuiamo-a-dare-del-tu-alla-pallavolo-mondiale\/#primaryimage\"},\"thumbnailUrl\":\"https:\/\/www.fipavpugliamagazine.it\/2020\/wp-content\/uploads\/2020\/03\/2019-08_IndiveriColaci_Raisport1.jpg\",\"keywords\":[\"fipavpuglia\",\"flash\",\"top\"],\"articleSection\":[\"News Puglia 2019-2020\"],\"inLanguage\":\"it-IT\"},{\"@type\":\"WebPage\",\"@id\":\"https:\/\/www.fipavpugliamagazine.it\/2020\/2019\/12\/29\/29-12-2019-fpavpuglia-puglia-continuiamo-a-dare-del-tu-alla-pallavolo-mondiale\/\",\"url\":\"https:\/\/www.fipavpugliamagazine.it\/2020\/2019\/12\/29\/29-12-2019-fpavpuglia-puglia-continuiamo-a-dare-del-tu-alla-pallavolo-mondiale\/\",\"name\":\"29-12-2019: #fpavpuglia - Puglia, continuiamo a dare del tu alla pallavolo mondiale! - Fipav Puglia Magazine\",\"isPartOf\":{\"@id\":\"https:\/\/www.fipavpugliamagazine.it\/2020\/#website\"},\"primaryImageOfPage\":{\"@id\":\"https:\/\/www.fipavpugliamagazine.it\/2020\/2019\/12\/29\/29-12-2019-fpavpuglia-puglia-continuiamo-a-dare-del-tu-alla-pallavolo-mondiale\/#primaryimage\"},\"image\":{\"@id\":\"https:\/\/www.fipavpugliamagazine.it\/2020\/2019\/12\/29\/29-12-2019-fpavpuglia-puglia-continuiamo-a-dare-del-tu-alla-pallavolo-mondiale\/#primaryimage\"},\"thumbnailUrl\":\"https:\/\/www.fipavpugliamagazine.it\/2020\/wp-content\/uploads\/2020\/03\/2019-08_IndiveriColaci_Raisport1.jpg\",\"datePublished\":\"2019-12-29T09:55:42+00:00\",\"dateModified\":\"2020-03-06T09:57:26+00:00\",\"breadcrumb\":{\"@id\":\"https:\/\/www.fipavpugliamagazine.it\/2020\/2019\/12\/29\/29-12-2019-fpavpuglia-puglia-continuiamo-a-dare-del-tu-alla-pallavolo-mondiale\/#breadcrumb\"},\"inLanguage\":\"it-IT\",\"potentialAction\":[{\"@type\":\"ReadAction\",\"target\":[\"https:\/\/www.fipavpugliamagazine.it\/2020\/2019\/12\/29\/29-12-2019-fpavpuglia-puglia-continuiamo-a-dare-del-tu-alla-pallavolo-mondiale\/\"]}]},{\"@type\":\"ImageObject\",\"inLanguage\":\"it-IT\",\"@id\":\"https:\/\/www.fipavpugliamagazine.it\/2020\/2019\/12\/29\/29-12-2019-fpavpuglia-puglia-continuiamo-a-dare-del-tu-alla-pallavolo-mondiale\/#primaryimage\",\"url\":\"https:\/\/www.fipavpugliamagazine.it\/2020\/wp-content\/uploads\/2020\/03\/2019-08_IndiveriColaci_Raisport1.jpg\",\"contentUrl\":\"https:\/\/www.fipavpugliamagazine.it\/2020\/wp-content\/uploads\/2020\/03\/2019-08_IndiveriColaci_Raisport1.jpg\",\"width\":750,\"height\":416},{\"@type\":\"BreadcrumbList\",\"@id\":\"https:\/\/www.fipavpugliamagazine.it\/2020\/2019\/12\/29\/29-12-2019-fpavpuglia-puglia-continuiamo-a-dare-del-tu-alla-pallavolo-mondiale\/#breadcrumb\",\"itemListElement\":[{\"@type\":\"ListItem\",\"position\":1,\"name\":\"Home\",\"item\":\"https:\/\/www.fipavpugliamagazine.it\/2020\/\"},{\"@type\":\"ListItem\",\"position\":2,\"name\":\"29-12-2019: #fpavpuglia &#8211; Puglia, continuiamo a dare del tu alla pallavolo mondiale!\"}]},{\"@type\":\"WebSite\",\"@id\":\"https:\/\/www.fipavpugliamagazine.it\/2020\/#website\",\"url\":\"https:\/\/www.fipavpugliamagazine.it\/2020\/\",\"name\":\"Fipav Puglia Magazine\",\"description\":\"Comunicazione CR FIPAV Puglia\",\"publisher\":{\"@id\":\"https:\/\/www.fipavpugliamagazine.it\/2020\/#organization\"},\"potentialAction\":[{\"@type\":\"SearchAction\",\"target\":{\"@type\":\"EntryPoint\",\"urlTemplate\":\"https:\/\/www.fipavpugliamagazine.it\/2020\/?s={search_term_string}\"},\"query-input\":{\"@type\":\"PropertyValueSpecification\",\"valueRequired\":true,\"valueName\":\"search_term_string\"}}],\"inLanguage\":\"it-IT\"},{\"@type\":\"Organization\",\"@id\":\"https:\/\/www.fipavpugliamagazine.it\/2020\/#organization\",\"name\":\"Fipav Puglia Magazine\",\"url\":\"https:\/\/www.fipavpugliamagazine.it\/2020\/\",\"logo\":{\"@type\":\"ImageObject\",\"inLanguage\":\"it-IT\",\"@id\":\"https:\/\/www.fipavpugliamagazine.it\/2020\/#\/schema\/logo\/image\/\",\"url\":\"https:\/\/www.fipavpugliamagazine.it\/2020\/wp-content\/uploads\/2025\/12\/LogoneFipavPuglia-scaled.png\",\"contentUrl\":\"https:\/\/www.fipavpugliamagazine.it\/2020\/wp-content\/uploads\/2025\/12\/LogoneFipavPuglia-scaled.png\",\"width\":2560,\"height\":2512,\"caption\":\"Fipav Puglia Magazine\"},\"image\":{\"@id\":\"https:\/\/www.fipavpugliamagazine.it\/2020\/#\/schema\/logo\/image\/\"},\"sameAs\":[\"http:\/\/www.facebook.com\/fipavpuglia\"]},{\"@type\":\"Person\",\"@id\":\"https:\/\/www.fipavpugliamagazine.it\/2020\/#\/schema\/person\/3c77c3bc0e1b52b050936902c36fdc7e\",\"name\":\"Fabrizio D'Alessandro\",\"image\":{\"@type\":\"ImageObject\",\"inLanguage\":\"it-IT\",\"@id\":\"https:\/\/www.fipavpugliamagazine.it\/2020\/#\/schema\/person\/image\/\",\"url\":\"https:\/\/secure.gravatar.com\/avatar\/b453c1e4fc54a13ec0d84b7dae2526113f311e2f22032eb2d267463ccd70d46f?s=96&d=mm&r=g\",\"contentUrl\":\"https:\/\/secure.gravatar.com\/avatar\/b453c1e4fc54a13ec0d84b7dae2526113f311e2f22032eb2d267463ccd70d46f?s=96&d=mm&r=g\",\"caption\":\"Fabrizio D'Alessandro\"},\"description\":\"Responsabile comunicazione CR FIPAV Puglia\",\"url\":\"https:\/\/www.fipavpugliamagazine.it\/2020\/author\/fabridal\/\"}]}<\/script>\n<!-- \/ Yoast SEO plugin. -->","yoast_head_json":{"title":"29-12-2019: #fpavpuglia - Puglia, continuiamo a dare del tu alla pallavolo mondiale! - Fipav Puglia Magazine","robots":{"index":"index","follow":"follow","max-snippet":"max-snippet:-1","max-image-preview":"max-image-preview:large","max-video-preview":"max-video-preview:-1"},"canonical":"https:\/\/www.fipavpugliamagazine.it\/2020\/2019\/12\/29\/29-12-2019-fpavpuglia-puglia-continuiamo-a-dare-del-tu-alla-pallavolo-mondiale\/","og_locale":"it_IT","og_type":"article","og_title":"29-12-2019: #fpavpuglia - Puglia, continuiamo a dare del tu alla pallavolo mondiale! - Fipav Puglia Magazine","og_description":"Il bilancio di fine anno del Presidente del CR FIPAV Puglia Paolo Indiveri Carissimi, per descrivere dal punto di vista sportivo l&#8217;anno che volge al termine, potrei utilizzare decine di superlativi, iperboli e roboanti parole, ma probabilmente l&#8217;aggettivo pi\u00f9 indicato \u00e8 &#8220;irripetibile&#8221;!Si! Questo meraviglioso 2019 sar\u00e0 un anno irripetibile, ma non per i singoli avvenimenti [&hellip;]","og_url":"https:\/\/www.fipavpugliamagazine.it\/2020\/2019\/12\/29\/29-12-2019-fpavpuglia-puglia-continuiamo-a-dare-del-tu-alla-pallavolo-mondiale\/","og_site_name":"Fipav Puglia Magazine","article_publisher":"http:\/\/www.facebook.com\/fipavpuglia","article_published_time":"2019-12-29T09:55:42+00:00","article_modified_time":"2020-03-06T09:57:26+00:00","og_image":[{"width":750,"height":416,"url":"https:\/\/www.fipavpugliamagazine.it\/2020\/wp-content\/uploads\/2020\/03\/2019-08_IndiveriColaci_Raisport1.jpg","type":"image\/jpeg"}],"author":"Fabrizio D'Alessandro","twitter_card":"summary_large_image","twitter_misc":{"Scritto da":"Fabrizio D'Alessandro","Tempo di lettura stimato":"2 minuti"},"schema":{"@context":"https:\/\/schema.org","@graph":[{"@type":"Article","@id":"https:\/\/www.fipavpugliamagazine.it\/2020\/2019\/12\/29\/29-12-2019-fpavpuglia-puglia-continuiamo-a-dare-del-tu-alla-pallavolo-mondiale\/#article","isPartOf":{"@id":"https:\/\/www.fipavpugliamagazine.it\/2020\/2019\/12\/29\/29-12-2019-fpavpuglia-puglia-continuiamo-a-dare-del-tu-alla-pallavolo-mondiale\/"},"author":{"name":"Fabrizio D'Alessandro","@id":"https:\/\/www.fipavpugliamagazine.it\/2020\/#\/schema\/person\/3c77c3bc0e1b52b050936902c36fdc7e"},"headline":"29-12-2019: #fpavpuglia &#8211; Puglia, continuiamo a dare del tu alla pallavolo mondiale!","datePublished":"2019-12-29T09:55:42+00:00","dateModified":"2020-03-06T09:57:26+00:00","mainEntityOfPage":{"@id":"https:\/\/www.fipavpugliamagazine.it\/2020\/2019\/12\/29\/29-12-2019-fpavpuglia-puglia-continuiamo-a-dare-del-tu-alla-pallavolo-mondiale\/"},"wordCount":463,"publisher":{"@id":"https:\/\/www.fipavpugliamagazine.it\/2020\/#organization"},"image":{"@id":"https:\/\/www.fipavpugliamagazine.it\/2020\/2019\/12\/29\/29-12-2019-fpavpuglia-puglia-continuiamo-a-dare-del-tu-alla-pallavolo-mondiale\/#primaryimage"},"thumbnailUrl":"https:\/\/www.fipavpugliamagazine.it\/2020\/wp-content\/uploads\/2020\/03\/2019-08_IndiveriColaci_Raisport1.jpg","keywords":["fipavpuglia","flash","top"],"articleSection":["News Puglia 2019-2020"],"inLanguage":"it-IT"},{"@type":"WebPage","@id":"https:\/\/www.fipavpugliamagazine.it\/2020\/2019\/12\/29\/29-12-2019-fpavpuglia-puglia-continuiamo-a-dare-del-tu-alla-pallavolo-mondiale\/","url":"https:\/\/www.fipavpugliamagazine.it\/2020\/2019\/12\/29\/29-12-2019-fpavpuglia-puglia-continuiamo-a-dare-del-tu-alla-pallavolo-mondiale\/","name":"29-12-2019: #fpavpuglia - Puglia, continuiamo a dare del tu alla pallavolo mondiale! - Fipav Puglia Magazine","isPartOf":{"@id":"https:\/\/www.fipavpugliamagazine.it\/2020\/#website"},"primaryImageOfPage":{"@id":"https:\/\/www.fipavpugliamagazine.it\/2020\/2019\/12\/29\/29-12-2019-fpavpuglia-puglia-continuiamo-a-dare-del-tu-alla-pallavolo-mondiale\/#primaryimage"},"image":{"@id":"https:\/\/www.fipavpugliamagazine.it\/2020\/2019\/12\/29\/29-12-2019-fpavpuglia-puglia-continuiamo-a-dare-del-tu-alla-pallavolo-mondiale\/#primaryimage"},"thumbnailUrl":"https:\/\/www.fipavpugliamagazine.it\/2020\/wp-content\/uploads\/2020\/03\/2019-08_IndiveriColaci_Raisport1.jpg","datePublished":"2019-12-29T09:55:42+00:00","dateModified":"2020-03-06T09:57:26+00:00","breadcrumb":{"@id":"https:\/\/www.fipavpugliamagazine.it\/2020\/2019\/12\/29\/29-12-2019-fpavpuglia-puglia-continuiamo-a-dare-del-tu-alla-pallavolo-mondiale\/#breadcrumb"},"inLanguage":"it-IT","potentialAction":[{"@type":"ReadAction","target":["https:\/\/www.fipavpugliamagazine.it\/2020\/2019\/12\/29\/29-12-2019-fpavpuglia-puglia-continuiamo-a-dare-del-tu-alla-pallavolo-mondiale\/"]}]},{"@type":"ImageObject","inLanguage":"it-IT","@id":"https:\/\/www.fipavpugliamagazine.it\/2020\/2019\/12\/29\/29-12-2019-fpavpuglia-puglia-continuiamo-a-dare-del-tu-alla-pallavolo-mondiale\/#primaryimage","url":"https:\/\/www.fipavpugliamagazine.it\/2020\/wp-content\/uploads\/2020\/03\/2019-08_IndiveriColaci_Raisport1.jpg","contentUrl":"https:\/\/www.fipavpugliamagazine.it\/2020\/wp-content\/uploads\/2020\/03\/2019-08_IndiveriColaci_Raisport1.jpg","width":750,"height":416},{"@type":"BreadcrumbList","@id":"https:\/\/www.fipavpugliamagazine.it\/2020\/2019\/12\/29\/29-12-2019-fpavpuglia-puglia-continuiamo-a-dare-del-tu-alla-pallavolo-mondiale\/#breadcrumb","itemListElement":[{"@type":"ListItem","position":1,"name":"Home","item":"https:\/\/www.fipavpugliamagazine.it\/2020\/"},{"@type":"ListItem","position":2,"name":"29-12-2019: #fpavpuglia &#8211; Puglia, continuiamo a dare del tu alla pallavolo mondiale!"}]},{"@type":"WebSite","@id":"https:\/\/www.fipavpugliamagazine.it\/2020\/#website","url":"https:\/\/www.fipavpugliamagazine.it\/2020\/","name":"Fipav Puglia Magazine","description":"Comunicazione CR FIPAV Puglia","publisher":{"@id":"https:\/\/www.fipavpugliamagazine.it\/2020\/#organization"},"potentialAction":[{"@type":"SearchAction","target":{"@type":"EntryPoint","urlTemplate":"https:\/\/www.fipavpugliamagazine.it\/2020\/?s={search_term_string}"},"query-input":{"@type":"PropertyValueSpecification","valueRequired":true,"valueName":"search_term_string"}}],"inLanguage":"it-IT"},{"@type":"Organization","@id":"https:\/\/www.fipavpugliamagazine.it\/2020\/#organization","name":"Fipav Puglia Magazine","url":"https:\/\/www.fipavpugliamagazine.it\/2020\/","logo":{"@type":"ImageObject","inLanguage":"it-IT","@id":"https:\/\/www.fipavpugliamagazine.it\/2020\/#\/schema\/logo\/image\/","url":"https:\/\/www.fipavpugliamagazine.it\/2020\/wp-content\/uploads\/2025\/12\/LogoneFipavPuglia-scaled.png","contentUrl":"https:\/\/www.fipavpugliamagazine.it\/2020\/wp-content\/uploads\/2025\/12\/LogoneFipavPuglia-scaled.png","width":2560,"height":2512,"caption":"Fipav Puglia Magazine"},"image":{"@id":"https:\/\/www.fipavpugliamagazine.it\/2020\/#\/schema\/logo\/image\/"},"sameAs":["http:\/\/www.facebook.com\/fipavpuglia"]},{"@type":"Person","@id":"https:\/\/www.fipavpugliamagazine.it\/2020\/#\/schema\/person\/3c77c3bc0e1b52b050936902c36fdc7e","name":"Fabrizio D'Alessandro","image":{"@type":"ImageObject","inLanguage":"it-IT","@id":"https:\/\/www.fipavpugliamagazine.it\/2020\/#\/schema\/person\/image\/","url":"https:\/\/secure.gravatar.com\/avatar\/b453c1e4fc54a13ec0d84b7dae2526113f311e2f22032eb2d267463ccd70d46f?s=96&d=mm&r=g","contentUrl":"https:\/\/secure.gravatar.com\/avatar\/b453c1e4fc54a13ec0d84b7dae2526113f311e2f22032eb2d267463ccd70d46f?s=96&d=mm&r=g","caption":"Fabrizio D'Alessandro"},"description":"Responsabile comunicazione CR FIPAV Puglia","url":"https:\/\/www.fipavpugliamagazine.it\/2020\/author\/fabridal\/"}]}},"_links":{"self":[{"href":"https:\/\/www.fipavpugliamagazine.it\/2020\/wp-json\/wp\/v2\/posts\/324","targetHints":{"allow":["GET"]}}],"collection":[{"href":"https:\/\/www.fipavpugliamagazine.it\/2020\/wp-json\/wp\/v2\/posts"}],"about":[{"href":"https:\/\/www.fipavpugliamagazine.it\/2020\/wp-json\/wp\/v2\/types\/post"}],"author":[{"embeddable":true,"href":"https:\/\/www.fipavpugliamagazine.it\/2020\/wp-json\/wp\/v2\/users\/1"}],"replies":[{"embeddable":true,"href":"https:\/\/www.fipavpugliamagazine.it\/2020\/wp-json\/wp\/v2\/comments?post=324"}],"version-history":[{"count":1,"href":"https:\/\/www.fipavpugliamagazine.it\/2020\/wp-json\/wp\/v2\/posts\/324\/revisions"}],"predecessor-version":[{"id":326,"href":"https:\/\/www.fipavpugliamagazine.it\/2020\/wp-json\/wp\/v2\/posts\/324\/revisions\/326"}],"wp:featuredmedia":[{"embeddable":true,"href":"https:\/\/www.fipavpugliamagazine.it\/2020\/wp-json\/wp\/v2\/media\/325"}],"wp:attachment":[{"href":"https:\/\/www.fipavpugliamagazine.it\/2020\/wp-json\/wp\/v2\/media?parent=324"}],"wp:term":[{"taxonomy":"category","embeddable":true,"href":"https:\/\/www.fipavpugliamagazine.it\/2020\/wp-json\/wp\/v2\/categories?post=324"},{"taxonomy":"post_tag","embeddable":true,"href":"https:\/\/www.fipavpugliamagazine.it\/2020\/wp-json\/wp\/v2\/tags?post=324"}],"curies":[{"name":"wp","href":"https:\/\/api.w.org\/{rel}","templated":true}]}}